{"id":134377,"date":"2026-01-13T13:50:14","date_gmt":"2026-01-13T13:50:14","guid":{"rendered":"https:\/\/www.europesays.com\/se\/134377\/"},"modified":"2026-01-13T13:50:14","modified_gmt":"2026-01-13T13:50:14","slug":"fynd-i-nedgravd-sopsack-tva-miljoner-i-kontanter","status":"publish","type":"post","link":"https:\/\/www.europesays.com\/se\/134377\/","title":{"rendered":"Fynd i nedgr\u00e4vd sops\u00e4ck: Tv\u00e5 miljoner i kontanter"},"content":{"rendered":"<p>share-arrowDela<\/p>\n<p>unsaveSpara<\/p>\n<p>expand-left<\/p>\n<p>helsk\u00e4rm<img decoding=\"async\" class=\"image-asset hyperion-css-u06ts1\" data-test-tag=\"image-asset\" src=\"https:\/\/www.europesays.com\/se\/wp-content\/uploads\/2026\/01\/fe9fba7e-11b5-44ec-8122-c58583362e7a.jpeg\"  alt=\"Delar av pengafyndet i Sandnes i s\u00f6dra Norge.\"  loading=\"eager\" fetchpriority=\"high\" style=\"aspect-ratio:414 \/ 552\"\/>Delar av pengafyndet i Sandnes i s\u00f6dra Norge. Foto: Privat\/NTB\/TT<\/p>\n<p class=\"hyperion-css-1shl3oz\" data-test-tag=\"lead-text\">Tv\u00e5 miljoner norska kronor. S\u00e5 mycket pengar fanns i en sops\u00e4ck som hittades nedgr\u00e4vd i norska Sandnes f\u00f6rra veckan, rapporterar medier i Norge.<\/p>\n<p class=\"hyperion-css-1v9qo5x\">Fyndet gjordes i ett bostadsomr\u00e5de i sydnorska Sandnes f\u00f6rra tisdagen, i samband med gr\u00e4varbeten. I en svart sops\u00e4ck l\u00e5g h\u00f6gvis med sedlar.<\/p>\n<p class=\"hyperion-css-1v9qo5x\">Nu \u00e4r den kriminaltekniska utredningen klar, meddelar polisen.<\/p>\n<p class=\"hyperion-css-1v9qo5x\">\u201dPengarna \u00e4r f\u00e4rdigr\u00e4knade. Den totala summan \u00e4r lite \u00f6ver tv\u00e5 miljoner kronor\u201d, uppger polis\u00e5klagaren Isa Linn Ravndal i ett pressmeddelande.<\/p>\n<p class=\"hyperion-css-1v9qo5x\">F\u00f6rst misst\u00e4nktes pengarna h\u00e4rstamma fr\u00e5n det s\u00e5 kallade Nokasr\u00e5net, det st\u00f6rsta r\u00e5net i norsk historia. Under r\u00e5net mot Norsk kontantservice (Nokas) i Stavanger 2004 fick r\u00e5narna med sig drygt 57 miljoner norska kronor, varav merparten aldrig \u00e5terfunnits.<\/p>\n<p class=\"hyperion-css-1v9qo5x\">\u201dDelar av sedlarna \u00e4r av nyare datum, vilket betyder att det inte r\u00f6r sig om pengar fr\u00e5n Nokasr\u00e5net\u201d, s\u00e4ger Ravndal nu.<\/p>\n<p class=\"hyperion-css-1v9qo5x\">Var pengarna kommer ifr\u00e5n \u00e4r fortsatt oklart, enligt polisen.<\/p>\n","protected":false},"excerpt":{"rendered":"share-arrowDela unsaveSpara expand-left helsk\u00e4rmDelar av pengafyndet i Sandnes i s\u00f6dra Norge. Foto: Privat\/NTB\/TT Tv\u00e5 miljoner norska kronor. S\u00e5&hellip;\n","protected":false},"author":2,"featured_media":134378,"comment_status":"","ping_status":"","sticky":false,"template":"","format":"standard","meta":{"footnotes":""},"categories":[5],"tags":[22,23,26,27,17,21,24,25,28,29,15,16,18,34,31,33,32,30,19,20],"class_list":{"0":"post-134377","1":"post","2":"type-post","3":"status-publish","4":"format-standard","5":"has-post-thumbnail","7":"category-rubriker","8":"tag-breaking-news","9":"tag-breakingnews","10":"tag-featured-news","11":"tag-featurednews","12":"tag-headlines","13":"tag-huvudnyheter","14":"tag-latest-news","15":"tag-latestnews","16":"tag-main-news","17":"tag-mainnews","18":"tag-news","19":"tag-nyheter","20":"tag-rubriker","21":"tag-se","22":"tag-svenska","23":"tag-sverige","24":"tag-sweden","25":"tag-swedish","26":"tag-top-stories","27":"tag-topstories"},"share_on_mastodon":{"url":"https:\/\/pubeurope.com\/@se\/115888116362956314","error":""},"_links":{"self":[{"href":"https:\/\/www.europesays.com\/se\/wp-json\/wp\/v2\/posts\/134377","targetHints":{"allow":["GET"]}}],"collection":[{"href":"https:\/\/www.europesays.com\/se\/wp-json\/wp\/v2\/posts"}],"about":[{"href":"https:\/\/www.europesays.com\/se\/wp-json\/wp\/v2\/types\/post"}],"author":[{"embeddable":true,"href":"https:\/\/www.europesays.com\/se\/wp-json\/wp\/v2\/users\/2"}],"replies":[{"embeddable":true,"href":"https:\/\/www.europesays.com\/se\/wp-json\/wp\/v2\/comments?post=134377"}],"version-history":[{"count":0,"href":"https:\/\/www.europesays.com\/se\/wp-json\/wp\/v2\/posts\/134377\/revisions"}],"wp:featuredmedia":[{"embeddable":true,"href":"https:\/\/www.europesays.com\/se\/wp-json\/wp\/v2\/media\/134378"}],"wp:attachment":[{"href":"https:\/\/www.europesays.com\/se\/wp-json\/wp\/v2\/media?parent=134377"}],"wp:term":[{"taxonomy":"category","embeddable":true,"href":"https:\/\/www.europesays.com\/se\/wp-json\/wp\/v2\/categories?post=134377"},{"taxonomy":"post_tag","embeddable":true,"href":"https:\/\/www.europesays.com\/se\/wp-json\/wp\/v2\/tags?post=134377"}],"curies":[{"name":"wp","href":"https:\/\/api.w.org\/{rel}","templated":true}]}}