{"id":134379,"date":"2026-01-13T13:52:06","date_gmt":"2026-01-13T13:52:06","guid":{"rendered":"https:\/\/www.europesays.com\/se\/134379\/"},"modified":"2026-01-13T13:52:06","modified_gmt":"2026-01-13T13:52:06","slug":"stabil-frida-laddar-for-asienturnen","status":"publish","type":"post","link":"https:\/\/www.europesays.com\/se\/134379\/","title":{"rendered":"Stabil Frida laddar f\u00f6r Asienturn\u00e9n"},"content":{"rendered":"<p class=\"normal\">Sammanlagt har Fridas placeringar i v\u00e4rldscupen varit: 19, 34, 23, 9, 22, 20, 15, 21, 38, 14 och 9 \u2013 en resultatrad som tydligt visar att hon \u00e4r p\u00e5 v\u00e4g tillbaka och formen \u00e4r stigande.<\/p>\n<p class=\"normal\">Det som utm\u00e4rker Fridas hoppning \u00e4r tryggheten. N\u00e4r hon st\u00e5r p\u00e5 startbommen k\u00e4nns det stabilt, och riktiga bottennapp h\u00f6r till ovanligheterna. Hon levererar oftast hopp som h\u00e5ller h\u00f6g kvalitet, \u00e4ven n\u00e4r f\u00f6ruts\u00e4ttningarna varierar.<\/p>\n<p class=\"normal\">Ett undantag under s\u00e4songen var dock t\u00e4vlingen i Garmisch-Partenkirchen, d\u00e4r Frida tyv\u00e4rr blev diskad. Diskningen berodde inte p\u00e5 sj\u00e4lva hoppningen, utan p\u00e5 oturliga omst\u00e4ndigheter i samband med resan. Skidorna fastnade i K\u00f6penhamn, vilket gjorde att hon tvingades l\u00e5na ett par l\u00e4ngre skidor. Det ledde i sin tur till att marginalen i BMI-regeln inte h\u00f6ll, och resultatet blev en diskning.<\/p>\n<p class=\"normal\">Nu blickar Frida fram\u00e5t mot n\u00e4sta stora utmaning: en Asienturn\u00e9 med t\u00e4vlingar i b\u00e5de Kina och Japan. Med den stabilitet och form hon visat hittills finns det goda f\u00f6ruts\u00e4ttningar f\u00f6r fler starka insatser n\u00e4r v\u00e4rldscupen forts\u00e4tter \u2013 p\u00e5 andra sidan jordklotet.<\/p>\n<p>T\u00e4vlingsprogram 16\u201325 januariFredag 16 januari<\/p>\n<p class=\"normal\"><strong>08.55 Backhoppning, damer<br \/><\/strong>Stor backe, Zhangjiakou (CHN)<br \/>ViaplaySE<\/p>\n<p>L\u00f6rdag 17 januari<\/p>\n<p class=\"normal\"><strong>08.55 Backhoppning, damer<br \/><\/strong>Stor backe, Zhangjiakou (CHN)<br \/>ViaplaySE<\/p>\n<p>Tisdag 20 januari<\/p>\n<p class=\"normal\"><strong>08.10 Backhoppning, damer<br \/><\/strong>Normalbacke, Zao (JPN)<br \/>ViaplaySE<\/p>\n<p>Onsdag 21 januari<\/p>\n<p class=\"normal\"><strong>08.10 Backhoppning, damer<br \/><\/strong>Normalbacke, Zao (JPN)<br \/>ViaplaySE<\/p>\n<p>Fredag 23 januari<\/p>\n<p class=\"normal\"><strong>15.55 Backhoppning, damer<br \/><\/strong>Individual SFH, SF WSC Oberstdorf (GER)<br \/>ViaplaySE<\/p>\n<p>L\u00f6rdag 24 januari<\/p>\n<p class=\"normal\"><strong>08.10 Backhoppning, damer<br \/><\/strong>Stor backe, Sapporo (JPN)<br \/>ViaplaySE<\/p>\n<p>S\u00f6ndag 25 januari<\/p>\n<p class=\"normal\"><strong>02.55 Backhoppning, damer<br \/><\/strong>Stor backe, Sapporo (JPN)<br \/>ViaplaySE<\/p>\n","protected":false},"excerpt":{"rendered":"Sammanlagt har Fridas placeringar i v\u00e4rldscupen varit: 19, 34, 23, 9, 22, 20, 15, 21, 38, 14 och&hellip;\n","protected":false},"author":2,"featured_media":134380,"comment_status":"","ping_status":"","sticky":false,"template":"","format":"standard","meta":{"footnotes":""},"categories":[68],"tags":[34,111,110,31,33,32,30],"class_list":{"0":"post-134379","1":"post","2":"type-post","3":"status-publish","4":"format-standard","5":"has-post-thumbnail","7":"category-sport","8":"tag-se","9":"tag-sport","10":"tag-sports","11":"tag-svenska","12":"tag-sverige","13":"tag-sweden","14":"tag-swedish"},"share_on_mastodon":{"url":"https:\/\/pubeurope.com\/@se\/115888124301044478","error":""},"_links":{"self":[{"href":"https:\/\/www.europesays.com\/se\/wp-json\/wp\/v2\/posts\/134379","targetHints":{"allow":["GET"]}}],"collection":[{"href":"https:\/\/www.europesays.com\/se\/wp-json\/wp\/v2\/posts"}],"about":[{"href":"https:\/\/www.europesays.com\/se\/wp-json\/wp\/v2\/types\/post"}],"author":[{"embeddable":true,"href":"https:\/\/www.europesays.com\/se\/wp-json\/wp\/v2\/users\/2"}],"replies":[{"embeddable":true,"href":"https:\/\/www.europesays.com\/se\/wp-json\/wp\/v2\/comments?post=134379"}],"version-history":[{"count":0,"href":"https:\/\/www.europesays.com\/se\/wp-json\/wp\/v2\/posts\/134379\/revisions"}],"wp:featuredmedia":[{"embeddable":true,"href":"https:\/\/www.europesays.com\/se\/wp-json\/wp\/v2\/media\/134380"}],"wp:attachment":[{"href":"https:\/\/www.europesays.com\/se\/wp-json\/wp\/v2\/media?parent=134379"}],"wp:term":[{"taxonomy":"category","embeddable":true,"href":"https:\/\/www.europesays.com\/se\/wp-json\/wp\/v2\/categories?post=134379"},{"taxonomy":"post_tag","embeddable":true,"href":"https:\/\/www.europesays.com\/se\/wp-json\/wp\/v2\/tags?post=134379"}],"curies":[{"name":"wp","href":"https:\/\/api.w.org\/{rel}","templated":true}]}}