{"id":134385,"date":"2026-01-13T13:57:07","date_gmt":"2026-01-13T13:57:07","guid":{"rendered":"https:\/\/www.europesays.com\/se\/134385\/"},"modified":"2026-01-13T13:57:07","modified_gmt":"2026-01-13T13:57:07","slug":"aventyr-utan-avtryck-nykopingselever-designar-arets-hallbara-buss-nykoping-se","status":"publish","type":"post","link":"https:\/\/www.europesays.com\/se\/134385\/","title":{"rendered":"\u00c4ventyr utan avtryck &#8211; Nyk\u00f6pingselever designar \u00e5rets h\u00e5llbara buss \u2013 nykoping.se"},"content":{"rendered":"<p>Den popul\u00e4ra bussdesignt\u00e4vlingen \u00e4r tillbaka under 2026. Den h\u00e4r g\u00e5ngen f\u00e5r skoleleverna i uppdrag att designa en buss som lyfter kollektivtrafikens m\u00f6jligheter till \u00e4ventyr och att uppt\u00e4cka sin omgivning p\u00e5 ett milj\u00f6v\u00e4nligt och h\u00e5llbart s\u00e4tt.<\/p>\n<p>T\u00e4vlingen arrangeras i samarbete mellan Nyk\u00f6pings kommun, Region S\u00f6rmland och trafikf\u00f6retaget Nobina som \u00e4r upphandlad leverant\u00f6r och utf\u00f6rare av kollektivtrafiken i kommunen.<\/p>\n<p>Precis som tidigare \u00e5r \u00e4r t\u00e4vlingen \u00f6ppen f\u00f6r alla elever i \u00e5rskurs 4-6 i kommunala och frist\u00e5ende skolor i Nyk\u00f6pings kommun. Deltagande klasser f\u00e5r i uppdrag att designa en buss utifr\u00e5n ett givet tema.\u00a0<\/p>\n<p>\u00c5rets tema: \u00c4ventyr utan avtryck \u2013 h\u00e5llbara resor f\u00f6r alla<\/p>\n<p>Inom temat &#8221;\u00c4ventyr utan avtryck \u2013 h\u00e5llbara resor f\u00f6r alla&#8221; f\u00e5r eleverna skapa sin egen vision av bussen som ett s\u00e4tt att resa tillsammans, uppt\u00e4cka nya sp\u00e4nnande platser och samtidigt ta hand om milj\u00f6n.<\/p>\n<p>En jury best\u00e5ende av representanter fr\u00e5n de arrangerande organisationerna kommer sedan att utse finalisterna bland de inskickade bidragen. D\u00e4refter utses den slutgiltiga vinnaren genom en omr\u00f6stning som \u00e4r \u00f6ppen f\u00f6r alla inv\u00e5nare, resen\u00e4rer och andra att delta i.<\/p>\n<p>Det vinnande bidraget folieras p\u00e5 en av stadsbussarna i Nyk\u00f6ping. Fr\u00e5n och med m\u00e5nadsskiftet maj\/juni kommer den synas p\u00e5 stadens gator.<\/p>\n<p>\u00c5rets t\u00e4vling \u00e4r den nionde i ordningen och den f\u00f6rsta arrangerades 2015.\u00a0<\/p>\n<p><a title=\"Bussdesignt\u00e4vlingen 2026\" href=\"https:\/\/www.nykoping.se\/trafik--resor\/buss-flyg-och-tag\/bussdesigntavling\/\" rel=\"nofollow noopener\" target=\"_blank\">L\u00e4s mer om bussdesignt\u00e4vlingen h\u00e4r.<\/a><\/p>\n","protected":false},"excerpt":{"rendered":"Den popul\u00e4ra bussdesignt\u00e4vlingen \u00e4r tillbaka under 2026. Den h\u00e4r g\u00e5ngen f\u00e5r skoleleverna i uppdrag att designa en buss&hellip;\n","protected":false},"author":2,"featured_media":2786,"comment_status":"","ping_status":"","sticky":false,"template":"","format":"standard","meta":{"footnotes":""},"categories":[12],"tags":[22,23,26,27,17,21,24,25,28,29,15,16,18,34,31,33,32,30,19,20],"class_list":{"0":"post-134385","1":"post","2":"type-post","3":"status-publish","4":"format-standard","5":"has-post-thumbnail","7":"category-sverige","8":"tag-breaking-news","9":"tag-breakingnews","10":"tag-featured-news","11":"tag-featurednews","12":"tag-headlines","13":"tag-huvudnyheter","14":"tag-latest-news","15":"tag-latestnews","16":"tag-main-news","17":"tag-mainnews","18":"tag-news","19":"tag-nyheter","20":"tag-rubriker","21":"tag-se","22":"tag-svenska","23":"tag-sverige","24":"tag-sweden","25":"tag-swedish","26":"tag-top-stories","27":"tag-topstories"},"share_on_mastodon":{"url":"https:\/\/pubeurope.com\/@se\/115888144002730584","error":""},"_links":{"self":[{"href":"https:\/\/www.europesays.com\/se\/wp-json\/wp\/v2\/posts\/134385","targetHints":{"allow":["GET"]}}],"collection":[{"href":"https:\/\/www.europesays.com\/se\/wp-json\/wp\/v2\/posts"}],"about":[{"href":"https:\/\/www.europesays.com\/se\/wp-json\/wp\/v2\/types\/post"}],"author":[{"embeddable":true,"href":"https:\/\/www.europesays.com\/se\/wp-json\/wp\/v2\/users\/2"}],"replies":[{"embeddable":true,"href":"https:\/\/www.europesays.com\/se\/wp-json\/wp\/v2\/comments?post=134385"}],"version-history":[{"count":0,"href":"https:\/\/www.europesays.com\/se\/wp-json\/wp\/v2\/posts\/134385\/revisions"}],"wp:featuredmedia":[{"embeddable":true,"href":"https:\/\/www.europesays.com\/se\/wp-json\/wp\/v2\/media\/2786"}],"wp:attachment":[{"href":"https:\/\/www.europesays.com\/se\/wp-json\/wp\/v2\/media?parent=134385"}],"wp:term":[{"taxonomy":"category","embeddable":true,"href":"https:\/\/www.europesays.com\/se\/wp-json\/wp\/v2\/categories?post=134385"},{"taxonomy":"post_tag","embeddable":true,"href":"https:\/\/www.europesays.com\/se\/wp-json\/wp\/v2\/tags?post=134385"}],"curies":[{"name":"wp","href":"https:\/\/api.w.org\/{rel}","templated":true}]}}