{"id":134392,"date":"2026-01-13T14:05:07","date_gmt":"2026-01-13T14:05:07","guid":{"rendered":"https:\/\/www.europesays.com\/se\/134392\/"},"modified":"2026-01-13T14:05:07","modified_gmt":"2026-01-13T14:05:07","slug":"uppdrag-till-socialstyrelsen-att-forbereda-overforing-av-uppgifter-av-relevans-for-interoperabilitet-inom-bl-a-halsodataomradet-till-e-halsomyndigheten","status":"publish","type":"post","link":"https:\/\/www.europesays.com\/se\/134392\/","title":{"rendered":"Uppdrag till Socialstyrelsen att f\u00f6rbereda \u00f6verf\u00f6ring av uppgifter av relevans f\u00f6r interoperabilitet inom bl.a. h\u00e4lsodataomr\u00e5det till E-h\u00e4lsomyndigheten"},"content":{"rendered":"<p class=\"ingress has-wordExplanation\">&#13;<br \/>\n                                &#13;<br \/>\nRegeringen uppdrar \u00e5t Socialstyrelsen att f\u00f6rbereda f\u00f6r att till den 1 juni 2026 f\u00f6ra \u00f6ver vissa uppgifter till E-h\u00e4lsomyndigheten. De uppgifter som omfattas \u00e4r bland annat att skapa och tillhandah\u00e5lla terminologier och klassifikationer samt en \u00e4ndam\u00e5lsenlig informationsstruktur inom h\u00e4lso- och sjukv\u00e5rd, tandv\u00e5rd, socialtj\u00e4nst och verksamhet enligt lagen om st\u00f6d och service till vissa funktionshindrade, LSS. &#13;\n                            <\/p>\n","protected":false},"excerpt":{"rendered":"&#13; &#13; Regeringen uppdrar \u00e5t Socialstyrelsen att f\u00f6rbereda f\u00f6r att till den 1 juni 2026 f\u00f6ra \u00f6ver vissa&hellip;\n","protected":false},"author":2,"featured_media":134209,"comment_status":"","ping_status":"","sticky":false,"template":"","format":"standard","meta":{"footnotes":""},"categories":[12],"tags":[22,23,26,27,17,21,24,25,28,29,15,16,18,34,31,33,32,30,19,20],"class_list":{"0":"post-134392","1":"post","2":"type-post","3":"status-publish","4":"format-standard","5":"has-post-thumbnail","7":"category-sverige","8":"tag-breaking-news","9":"tag-breakingnews","10":"tag-featured-news","11":"tag-featurednews","12":"tag-headlines","13":"tag-huvudnyheter","14":"tag-latest-news","15":"tag-latestnews","16":"tag-main-news","17":"tag-mainnews","18":"tag-news","19":"tag-nyheter","20":"tag-rubriker","21":"tag-se","22":"tag-svenska","23":"tag-sverige","24":"tag-sweden","25":"tag-swedish","26":"tag-top-stories","27":"tag-topstories"},"share_on_mastodon":{"url":"https:\/\/pubeurope.com\/@se\/115888175440803110","error":""},"_links":{"self":[{"href":"https:\/\/www.europesays.com\/se\/wp-json\/wp\/v2\/posts\/134392","targetHints":{"allow":["GET"]}}],"collection":[{"href":"https:\/\/www.europesays.com\/se\/wp-json\/wp\/v2\/posts"}],"about":[{"href":"https:\/\/www.europesays.com\/se\/wp-json\/wp\/v2\/types\/post"}],"author":[{"embeddable":true,"href":"https:\/\/www.europesays.com\/se\/wp-json\/wp\/v2\/users\/2"}],"replies":[{"embeddable":true,"href":"https:\/\/www.europesays.com\/se\/wp-json\/wp\/v2\/comments?post=134392"}],"version-history":[{"count":0,"href":"https:\/\/www.europesays.com\/se\/wp-json\/wp\/v2\/posts\/134392\/revisions"}],"wp:featuredmedia":[{"embeddable":true,"href":"https:\/\/www.europesays.com\/se\/wp-json\/wp\/v2\/media\/134209"}],"wp:attachment":[{"href":"https:\/\/www.europesays.com\/se\/wp-json\/wp\/v2\/media?parent=134392"}],"wp:term":[{"taxonomy":"category","embeddable":true,"href":"https:\/\/www.europesays.com\/se\/wp-json\/wp\/v2\/categories?post=134392"},{"taxonomy":"post_tag","embeddable":true,"href":"https:\/\/www.europesays.com\/se\/wp-json\/wp\/v2\/tags?post=134392"}],"curies":[{"name":"wp","href":"https:\/\/api.w.org\/{rel}","templated":true}]}}