{"id":134393,"date":"2026-01-13T14:06:08","date_gmt":"2026-01-13T14:06:08","guid":{"rendered":"https:\/\/www.europesays.com\/se\/134393\/"},"modified":"2026-01-13T14:06:08","modified_gmt":"2026-01-13T14:06:08","slug":"politiker-i-staffanstorp-atalas-for-att-de-vagrade-ta-emot-kvotflyktingar-radio-sweden-pa-latt-svenska","status":"publish","type":"post","link":"https:\/\/www.europesays.com\/se\/134393\/","title":{"rendered":"Politiker i Staffanstorp \u00e5talas f\u00f6r att de v\u00e4grade ta emot kvotflyktingar &#8211; Radio Sweden p\u00e5 l\u00e4tt svenska"},"content":{"rendered":"<p>Kvotflyktingar \u00e4r personer p\u00e5 flykt som UNHCR v\u00e4ljer ut. De f\u00e5r hj\u00e4lp att resa till Sverige. Migrationsverket best\u00e4mmer vilken kommun som ska ta emot dem.<\/p>\n<p><strong>Migrationsverket best\u00e4mde <\/strong>att en syrisk familj skulle flytta till Staffanstorp 2022. N\u00e4r familjen kom till Sverige m\u00f6tte ingen dem p\u00e5 flygplatsen. Migrationsverket best\u00e4mde att de fick bo i Vellinge kommun i Sk\u00e5ne ist\u00e4llet.<\/p>\n<p><strong>Politiker fr\u00e5n Moderaterna och<\/strong> Sverigedemokraterna i Staffanstorp hade best\u00e4mt att kommunen inte skulle ta emot kvotflyktingarna.<\/p>\n<p><strong>En av de \u00e5talade politikerna<\/strong> \u00e4r Christian Sonesson fr\u00e5n Moderaterna. Han sa att kommunen ville hj\u00e4lpa flyktingar fr\u00e5n Ukraina f\u00f6rst. Han sa att kommunen inte klarade att ta emot b\u00e5de flyktingar fr\u00e5n Ukraina och kvotflyktingar.<\/p>\n<p><strong>Beslutet \u00e4ndrades senare.<\/strong> S\u00e5 inga andra kvotflyktingar drabbades, bara den syriska familjen. Men \u00e5klagaren s\u00e4ger att politikerna i Staffanstorp begick ett brott. En kommun m\u00e5sta ta emot de kvotflyktingar som Migrationsverket best\u00e4mt.<\/p>\n<p><strong>D\u00e4rf\u00f6r \u00e5talas nu fyra moderater<\/strong> och en sverigedemokrat. De r\u00f6stade ja till beslutet. \u00c5klagaren s\u00e4ger att de har gjort ett allvarligt tj\u00e4nstefel.<\/p>\n<p><strong>En centerpartist \u00e5talas ocks\u00e5.<\/strong> Hon r\u00f6stade nej men reserverade sig inte. Att reservera sig betyder att man tydligt s\u00e4ger att man inte st\u00f6djer beslutet. Eftersom hon inte gjorde det \u00e5talas hon ocks\u00e5.<\/p>\n<p><strong>Alla sex politiker s\u00e4ger <\/strong>att de inte har gjort n\u00e5got brott.<\/p>\n<p class=\"byline\"><a class=\"internal-link\" href=\"https:\/\/www.sverigesradio.se\/artikel\/mailto:lattsvenska@sverigesradio.se\" target=\"_self\" rel=\"nofollow noopener\">lattsvenska@sverigesradio.se<\/a><\/p>\n","protected":false},"excerpt":{"rendered":"Kvotflyktingar \u00e4r personer p\u00e5 flykt som UNHCR v\u00e4ljer ut. De f\u00e5r hj\u00e4lp att resa till Sverige. Migrationsverket best\u00e4mmer&hellip;\n","protected":false},"author":2,"featured_media":134394,"comment_status":"","ping_status":"","sticky":false,"template":"","format":"standard","meta":{"footnotes":""},"categories":[5],"tags":[5018,22,23,26,27,5021,17,21,5017,24,25,787,28,29,15,16,5020,5019,171,18,34,31,33,32,30,19,20],"class_list":{"0":"post-134393","1":"post","2":"type-post","3":"status-publish","4":"format-standard","5":"has-post-thumbnail","7":"category-rubriker","8":"tag-beginners","9":"tag-breaking-news","10":"tag-breakingnews","11":"tag-featured-news","12":"tag-featurednews","13":"tag-hrfrstelse","14":"tag-headlines","15":"tag-huvudnyheter","16":"tag-ltt-svenska","17":"tag-latest-news","18":"tag-latestnews","19":"tag-lyssna","20":"tag-main-news","21":"tag-mainnews","22":"tag-news","23":"tag-nyheter","24":"tag-podcast","25":"tag-podd","26":"tag-radio","27":"tag-rubriker","28":"tag-se","29":"tag-svenska","30":"tag-sverige","31":"tag-sweden","32":"tag-swedish","33":"tag-top-stories","34":"tag-topstories"},"share_on_mastodon":{"url":"https:\/\/pubeurope.com\/@se\/115888179279870244","error":""},"_links":{"self":[{"href":"https:\/\/www.europesays.com\/se\/wp-json\/wp\/v2\/posts\/134393","targetHints":{"allow":["GET"]}}],"collection":[{"href":"https:\/\/www.europesays.com\/se\/wp-json\/wp\/v2\/posts"}],"about":[{"href":"https:\/\/www.europesays.com\/se\/wp-json\/wp\/v2\/types\/post"}],"author":[{"embeddable":true,"href":"https:\/\/www.europesays.com\/se\/wp-json\/wp\/v2\/users\/2"}],"replies":[{"embeddable":true,"href":"https:\/\/www.europesays.com\/se\/wp-json\/wp\/v2\/comments?post=134393"}],"version-history":[{"count":0,"href":"https:\/\/www.europesays.com\/se\/wp-json\/wp\/v2\/posts\/134393\/revisions"}],"wp:featuredmedia":[{"embeddable":true,"href":"https:\/\/www.europesays.com\/se\/wp-json\/wp\/v2\/media\/134394"}],"wp:attachment":[{"href":"https:\/\/www.europesays.com\/se\/wp-json\/wp\/v2\/media?parent=134393"}],"wp:term":[{"taxonomy":"category","embeddable":true,"href":"https:\/\/www.europesays.com\/se\/wp-json\/wp\/v2\/categories?post=134393"},{"taxonomy":"post_tag","embeddable":true,"href":"https:\/\/www.europesays.com\/se\/wp-json\/wp\/v2\/tags?post=134393"}],"curies":[{"name":"wp","href":"https:\/\/api.w.org\/{rel}","templated":true}]}}