{"id":134395,"date":"2026-01-13T14:08:07","date_gmt":"2026-01-13T14:08:07","guid":{"rendered":"https:\/\/www.europesays.com\/se\/134395\/"},"modified":"2026-01-13T14:08:07","modified_gmt":"2026-01-13T14:08:07","slug":"quiz-vinn-biljetter-till-bauhaus-galan","status":"publish","type":"post","link":"https:\/\/www.europesays.com\/se\/134395\/","title":{"rendered":"Quiz: Vinn biljetter till Bauhaus-galan"},"content":{"rendered":"<p class=\"hyperion-css-jonaf8\">Tre vinnare f\u00e5r tv\u00e5 biljetter kvar till Bauhaus Indoor den 22 januari i S\u00e4tra Friidrottshall i Stockholm.<\/p>\n<p class=\"hyperion-css-jonaf8\">T\u00e4vlingen p\u00e5g\u00e5r fram till och med torsdag 15 januari klockan 23.59. F\u00f6r t\u00e4vlingen ansvarar Sportbladet och vinnaren meddelas per e-post den 16 januari. <\/p>\n<p class=\"hyperion-css-jonaf8\">Eventuell vinstskatt betalas av t\u00e4vlande sj\u00e4lva, t\u00e4vlande m\u00e5ste vara \u00f6ver 18 \u00e5r.<\/p>\n<p class=\"hyperion-css-jonaf8\">I och med medverkan i t\u00e4vlingen godk\u00e4nner du att Aftonbladet via Riddle.coms servrar lagrar namn och e-postadress vilket endast anv\u00e4nds f\u00f6r att kontakta vinnare och kommer att raderas senast en vecka efter att t\u00e4vlingen avslutats.<\/p>\n","protected":false},"excerpt":{"rendered":"Tre vinnare f\u00e5r tv\u00e5 biljetter kvar till Bauhaus Indoor den 22 januari i S\u00e4tra Friidrottshall i Stockholm. T\u00e4vlingen&hellip;\n","protected":false},"author":2,"featured_media":134396,"comment_status":"","ping_status":"","sticky":false,"template":"","format":"standard","meta":{"footnotes":""},"categories":[68],"tags":[34,111,110,31,33,32,30],"class_list":{"0":"post-134395","1":"post","2":"type-post","3":"status-publish","4":"format-standard","5":"has-post-thumbnail","7":"category-sport","8":"tag-se","9":"tag-sport","10":"tag-sports","11":"tag-svenska","12":"tag-sverige","13":"tag-sweden","14":"tag-swedish"},"share_on_mastodon":{"url":"https:\/\/pubeurope.com\/@se\/115888187186099102","error":""},"_links":{"self":[{"href":"https:\/\/www.europesays.com\/se\/wp-json\/wp\/v2\/posts\/134395","targetHints":{"allow":["GET"]}}],"collection":[{"href":"https:\/\/www.europesays.com\/se\/wp-json\/wp\/v2\/posts"}],"about":[{"href":"https:\/\/www.europesays.com\/se\/wp-json\/wp\/v2\/types\/post"}],"author":[{"embeddable":true,"href":"https:\/\/www.europesays.com\/se\/wp-json\/wp\/v2\/users\/2"}],"replies":[{"embeddable":true,"href":"https:\/\/www.europesays.com\/se\/wp-json\/wp\/v2\/comments?post=134395"}],"version-history":[{"count":0,"href":"https:\/\/www.europesays.com\/se\/wp-json\/wp\/v2\/posts\/134395\/revisions"}],"wp:featuredmedia":[{"embeddable":true,"href":"https:\/\/www.europesays.com\/se\/wp-json\/wp\/v2\/media\/134396"}],"wp:attachment":[{"href":"https:\/\/www.europesays.com\/se\/wp-json\/wp\/v2\/media?parent=134395"}],"wp:term":[{"taxonomy":"category","embeddable":true,"href":"https:\/\/www.europesays.com\/se\/wp-json\/wp\/v2\/categories?post=134395"},{"taxonomy":"post_tag","embeddable":true,"href":"https:\/\/www.europesays.com\/se\/wp-json\/wp\/v2\/tags?post=134395"}],"curies":[{"name":"wp","href":"https:\/\/api.w.org\/{rel}","templated":true}]}}