{"id":134401,"date":"2026-01-13T14:13:55","date_gmt":"2026-01-13T14:13:55","guid":{"rendered":"https:\/\/www.europesays.com\/se\/134401\/"},"modified":"2026-01-13T14:13:55","modified_gmt":"2026-01-13T14:13:55","slug":"aklagare-atalad-sankte-beviskraven-for-mans-vald-mot-kvinnor","status":"publish","type":"post","link":"https:\/\/www.europesays.com\/se\/134401\/","title":{"rendered":"\u00c5klagare \u00e5talad \u2013 s\u00e4nkte beviskraven f\u00f6r \u201dm\u00e4ns v\u00e5ld mot kvinnor\u201d"},"content":{"rendered":"<p><strong>En \u00e5klagare \u00e5talade mig f\u00f6r misshandel<\/strong> trots bristen p\u00e5 bevis. Nu sitter hon sj\u00e4lv p\u00e5 den tilltalades b\u00e4nk anklagad f\u00f6r obefogat \u00e5tal. Om hon f\u00e4lls blir domen historisk och en chockv\u00e5g kommer att g\u00e5 genom \u00c5klagarmyndigheten. <\/p>\n<p>Som <a href=\"https:\/\/bulletin.nu\/olsson-jag-skrev-om-den-mjuka-staten-sen-hamnade-jag-sjalv-infor-ratta\" rel=\"nofollow noopener\" target=\"_blank\">jag har tidigare ber\u00e4ttat <\/a>tr\u00e4ngde sig en kvinna olovligen in p\u00e5 mitt tj\u00e4nsterum p\u00e5 universitetet, b\u00f6rjade ta b\u00f6cker fr\u00e5n min bokhylla, f\u00f6ste ner arbetsmaterial p\u00e5 golvet och betedde sig allm\u00e4nt aggressivt. Hon v\u00e4grade l\u00e4mna rummet och hindrade mig fr\u00e5n att ringa vaktm\u00e4staren. Tumult uppstod n\u00e4r jag f\u00f6rs\u00f6kte v\u00e4rna mitt statliga tj\u00e4nsterum och min egendom. Men kvinnan gav mig skulden f\u00f6r det intr\u00e4ffade och anm\u00e4lde mig f\u00f6r misshandel.<\/p>\n<p>SE \u00c4VEN: <a href=\"https:\/\/bulletin.nu\/olsson-aklagaren-sag-mig-som-ett-latt-byte-nu-ar-rollerna-ombytta-2\" rel=\"nofollow noopener\" target=\"_blank\">Olsson: \u00c5klagaren s\u00e5g mig som ett l\u00e4tt byte \u2013 nu \u00e4r rollerna ombytta<\/a><\/p>\n<p><strong>En bisarr situation<\/strong>, kan man tycka. En uppenbar okynnesanm\u00e4lan. Inget att bry sig om. Men det ans\u00e5g inte den kvinnliga \u00e5klagaren som valde att \u00e5tala mig. Utan n\u00e5gon bevisning f\u00f6r upps\u00e5t och utan att ta h\u00e4nsyn till min n\u00f6dv\u00e4rnsr\u00e4tt. Tingsr\u00e4tten l\u00e4t sig dock inte imponeras utan frik\u00e4nde mig enh\u00e4lligt. Vissa av kvinnans uppgifter om skador ans\u00e5gs \u201duppenbart \u00f6verdrivna\u201d.<\/p>\n<p>Men trots den lyckliga utg\u00e5ngen l\u00e4mnade aff\u00e4ren en bitter eftersmak. <\/p>\n<p>Saken kan ses i ljuset av den p\u00e5g\u00e5ende samh\u00e4llsdebatten om sjunkande beviskrav vid olika relationsbrott och politiseringen av \u201dm\u00e4ns v\u00e5ld mot kvinnor\u201d. Vi vet redan att unga m\u00e4n orov\u00e4ckande ofta f\u00e4lls f\u00f6r v\u00e5ldt\u00e4kt enligt samtyckeslagen utg\u00e5ende enbart fr\u00e5n kvinnans ber\u00e4ttelse. Har hon dessutom ber\u00e4ttat f\u00f6r n\u00e5gra v\u00e4ninnor vad som skett anses saken klar. <\/p>\n<p>SE \u00c4VEN: <a href=\"https:\/\/bulletin.nu\/hur-manga-oskyldiga-doms-for-valdtakt\" rel=\"nofollow noopener\" target=\"_blank\">Hur m\u00e5nga oskyldiga d\u00f6ms f\u00f6r v\u00e5ldt\u00e4kt?<\/a><\/p>\n<p><strong>I tysthet har i s\u00e5dana fall principen<\/strong> att en f\u00e4llande dom kr\u00e4ver att skulden fastst\u00e4llts bortom rimligt tvivel avskaffats, vilket i praktiken bara g\u00e4ller m\u00e4n. F\u00f6r att r\u00e4ttssystemet missgynnar m\u00e4n talar ocks\u00e5 det faktum att m\u00e4n generellt f\u00e5r 1,5 \u00e5r l\u00e4ngre f\u00e4ngelsestraff \u00e4n kvinnor \u2013 f\u00f6r samma brott.<\/p>\n<p>Fr\u00e5gan uppst\u00e5r nu: har beviskraven vid misstanke om misshandel ocks\u00e5 s\u00e4nkts, om den tilltalade \u00e4r man och m\u00e5ls\u00e4garen kvinna? Spelar det i s\u00e5 fall inte l\u00e4ngre n\u00e5gon roll att den tilltalade inte hade upps\u00e5t? Att m\u00e5ls\u00e4garen tr\u00e4ngde sig in i hans tj\u00e4nsterum olovligen? Hur ska detta angrepp p\u00e5 m\u00e4ns r\u00e4ttss\u00e4kerhet i s\u00e5 fall st\u00e4vjas?<\/p>\n<p>Som jag tidigare rapporterat anm\u00e4lde jag \u00e5klagaren f\u00f6r \u201dobefogat \u00e5tal\u201d. \u00c5klagarmyndigheten, upp till riks\u00e5klagaren, gjorde allt f\u00f6r att bli av med min anm\u00e4lan genom att f\u00f6rs\u00f6ka blanda bort korten med olika irrelevanta resonemang. Bland annat \u00e4ndrades brottsrubriceringen fr\u00e5n \u201dobefogat \u00e5tal\u201d till \u201dtj\u00e4nstefel\u201d alternativt \u201dfalskt \u00e5tal\u201d. Det \u00e4r som om du anm\u00e4ler en cykelst\u00f6ld och \u00e4rendet behandlas som mopedst\u00f6ld, f\u00f6r att sedan avskrivas d\u00e5 ingen mopedst\u00f6ld kunnat fastst\u00e4llas.<\/p>\n<p>SE \u00c4VEN: <a href=\"https:\/\/bulletin.nu\/olsson-sa-gjorde-sig-aklagarna-atalsimmuna\" rel=\"nofollow noopener\" target=\"_blank\">Olsson: S\u00e5 gjorde sig \u00e5klagarna \u00e5talsimmuna<\/a><\/p>\n<p><strong>De trodde v\u00e4l att jag skulle ge upp<\/strong> efter denna uppvisning av lojalitet och k\u00e5randa. Vad de inte r\u00e4knade med var att jag skulle driva fr\u00e5gan som ett \u201denskilt \u00e5tal\u201d. I vissa fall har vanliga medborgare som du och jag r\u00e4tt att sj\u00e4lva driva r\u00e4ttsprocesser. Det h\u00e4r \u00e4r ett s\u00e5dant fall.<\/p>\n<p>Det betyder att rollerna blir ombytta. Jag hamnar p\u00e5 \u00e5klagarstolen och \u00e5klagaren p\u00e5 den tilltalades b\u00e4nk. Nu \u00e4r det tingsr\u00e4tten som d\u00f6mer och \u00c5klagarmyndigheten har inte l\u00e4ngre kontroll \u00f6ver situationen. Det m\u00e5ste k\u00e4nnas frustrerande f\u00f6r \u00e5klagarna att vara i h\u00e4nderna p\u00e5 tingsr\u00e4tten i en fr\u00e5ga som r\u00f6r deras egen ansvar.<\/p>\n<p>Det hela kostar en slant men jag \u00e4r beredd att ta en f\u00f6r laget, om det kan betyda att \u00e5klagare i framtiden m\u00e5ste t\u00e4nka efter tv\u00e5 g\u00e5nger innan de rutinm\u00e4ssigt \u00e5talar m\u00e4n f\u00f6r brott de kanske inte beg\u00e5tt.<\/p>\n<p><strong>F\u00e4lls \u00e5klagaren blir domen historisk<\/strong>. Det har inte h\u00e4nt i modern tid att en \u00e5klagare d\u00f6mts f\u00f6r obefogat \u00e5tal. Det har \u00c5klagarmyndigheten sj\u00e4lv sett till. Hittills tar \u00e5klagare ingen, eller v\u00e4ldigt liten, personlig risk n\u00e4r de \u00e5talar folk p\u00e5 l\u00f6sa boliner. Vid en f\u00e4llande dom blir det \u00e4ndring p\u00e5 detta. Signalv\u00e4rdet kan knappast \u00f6verskattas. En chockv\u00e5g skulle g\u00e5 genom hela \u00e5klagarv\u00e4sendet.<\/p>\n<p>SE \u00c4VEN: <a href=\"https:\/\/bulletin.nu\/olsson-jag-skrev-om-den-mjuka-staten-sen-hamnade-jag-sjalv-infor-ratta\" rel=\"nofollow noopener\" target=\"_blank\">Olsson: Jag skrev om den mjuka staten \u2013 sen hamnade jag sj\u00e4lv inf\u00f6r r\u00e4tta<\/a><\/p>\n<p>Det som h\u00e4nder nu \u00e4r att det blir en muntlig f\u00f6rberedelse och d\u00e4refter r\u00e4tteg\u00e5ng. Blir \u00e5klagaren trots allt frik\u00e4nd m\u00e5ste slutsatsen bli att \u201dobefogat \u00e5tal\u201d bara existerar p\u00e5 pappret, inte i realiteten. D\u00e5 korkas det nog upp mer \u00e4n en champagneflaska p\u00e5 \u00c5klagarmyndigheten. Men d\u00e4r \u00e4r vi inte \u00e4nnu.<\/p>\n<p>Givetvis avser jag uppdatera Bulletins l\u00e4sare om hur detta utvecklas.<\/p>\n<p><strong>Den \u00e5talade \u00e5klagaren f\u00f6rnekar <\/strong>att hon ska ha beg\u00e5tt obefogat \u00e5tal. Det fanns, menar hennes offentliga f\u00f6rsvarare, tillr\u00e4ckliga sk\u00e4l att v\u00e4cka \u00e5tal och \u00e5klagaren hade d\u00e4rf\u00f6r \u00e5talsplikt. Den intresserade kan v\u00e4nda sig till Lunds tingsr\u00e4tt (m\u00e5lnummer B 5827-25) f\u00f6r mer information.<\/p>\n<p>Erik J Olsson<\/p>\n<p>Erik J Olsson \u00e4r professor i teoretisk filosofi vid Lunds universitet och ordf\u00f6rande f\u00f6r stiftelsen Academic Rights Watch.<\/p>\n","protected":false},"excerpt":{"rendered":"En \u00e5klagare \u00e5talade mig f\u00f6r misshandel trots bristen p\u00e5 bevis. Nu sitter hon sj\u00e4lv p\u00e5 den tilltalades b\u00e4nk&hellip;\n","protected":false},"author":2,"featured_media":134402,"comment_status":"","ping_status":"","sticky":false,"template":"","format":"standard","meta":{"footnotes":""},"categories":[12],"tags":[22,23,26,27,17,21,24,25,28,29,15,16,18,34,31,33,32,30,19,20],"class_list":{"0":"post-134401","1":"post","2":"type-post","3":"status-publish","4":"format-standard","5":"has-post-thumbnail","7":"category-sverige","8":"tag-breaking-news","9":"tag-breakingnews","10":"tag-featured-news","11":"tag-featurednews","12":"tag-headlines","13":"tag-huvudnyheter","14":"tag-latest-news","15":"tag-latestnews","16":"tag-main-news","17":"tag-mainnews","18":"tag-news","19":"tag-nyheter","20":"tag-rubriker","21":"tag-se","22":"tag-svenska","23":"tag-sverige","24":"tag-sweden","25":"tag-swedish","26":"tag-top-stories","27":"tag-topstories"},"share_on_mastodon":{"url":"https:\/\/pubeurope.com\/@se\/115888210862395092","error":""},"_links":{"self":[{"href":"https:\/\/www.europesays.com\/se\/wp-json\/wp\/v2\/posts\/134401","targetHints":{"allow":["GET"]}}],"collection":[{"href":"https:\/\/www.europesays.com\/se\/wp-json\/wp\/v2\/posts"}],"about":[{"href":"https:\/\/www.europesays.com\/se\/wp-json\/wp\/v2\/types\/post"}],"author":[{"embeddable":true,"href":"https:\/\/www.europesays.com\/se\/wp-json\/wp\/v2\/users\/2"}],"replies":[{"embeddable":true,"href":"https:\/\/www.europesays.com\/se\/wp-json\/wp\/v2\/comments?post=134401"}],"version-history":[{"count":0,"href":"https:\/\/www.europesays.com\/se\/wp-json\/wp\/v2\/posts\/134401\/revisions"}],"wp:featuredmedia":[{"embeddable":true,"href":"https:\/\/www.europesays.com\/se\/wp-json\/wp\/v2\/media\/134402"}],"wp:attachment":[{"href":"https:\/\/www.europesays.com\/se\/wp-json\/wp\/v2\/media?parent=134401"}],"wp:term":[{"taxonomy":"category","embeddable":true,"href":"https:\/\/www.europesays.com\/se\/wp-json\/wp\/v2\/categories?post=134401"},{"taxonomy":"post_tag","embeddable":true,"href":"https:\/\/www.europesays.com\/se\/wp-json\/wp\/v2\/tags?post=134401"}],"curies":[{"name":"wp","href":"https:\/\/api.w.org\/{rel}","templated":true}]}}