{"id":134413,"date":"2026-01-13T14:23:07","date_gmt":"2026-01-13T14:23:07","guid":{"rendered":"https:\/\/www.europesays.com\/se\/134413\/"},"modified":"2026-01-13T14:23:07","modified_gmt":"2026-01-13T14:23:07","slug":"klartecken-for-tva-nya-yh-utbildningar-i-harnosand-hosten-2026","status":"publish","type":"post","link":"https:\/\/www.europesays.com\/se\/134413\/","title":{"rendered":"Klartecken f\u00f6r tv\u00e5 nya YH-utbildningar i H\u00e4rn\u00f6sand h\u00f6sten 2026"},"content":{"rendered":"<p class=\"normal\">&#8211; Det hade l\u00e4mnats in nio ans\u00f6kningar med H\u00e4rn\u00f6sand som studieort. Nu beviljades n\u00e4stan h\u00e4lften och det \u00e4r ett bra utfall. Jag \u00e4r v\u00e4ldigt n\u00f6jd och tycker att det \u00e4r extra roligt att vi f\u00e5r tv\u00e5 utbildningar till H\u00e4rn\u00f6sand som inte har getts h\u00e4r tidigare, s\u00e4ger Mikaela Vennerbring, campusutvecklare hos H\u00e4rn\u00f6sands kommun. <\/p>\n<p class=\"normal\">H\u00e4r \u00e4r utbildningarna som beviljats kursstart i H\u00e4rn\u00f6sand:<\/p>\n<ul class=\" normal\">\n<li>Ink\u00f6pare (NY)<\/li>\n<li>Underh\u00e5llsingenj\u00f6r infrastruktur (NY)<\/li>\n<li>Systemutvecklare DevSecOps<\/li>\n<li>Drifttekniker kraft &amp; v\u00e4rme<\/li>\n<\/ul>\n<p>9 av 10 f\u00e5r jobb efter avslutad YH-utbildning<\/p>\n<p class=\"normal\">Yrkesh\u00f6gskoleutbildning (YH) \u00e4r en eftergymnasial utbildning som kombinerar teoretiska studier med praktik i arbetslivet. Utbildningarna ska matcha arbetslivets behov av kompetens och sker alltid i n\u00e4ra samarbete med lokala och regionala arbetsgivare. De studerande f\u00e5r en f\u00e4rdig yrkesutbildning och unders\u00f6kningar visar att 9 av 10 har anst\u00e4llning inom ett \u00e5r efter examen fr\u00e5n YH-utbildningar.<\/p>\n<p class=\"normal\">Utbildningarna kan vara upplagda p\u00e5 olika s\u00e4tt, men vanligtvis varvar de sj\u00e4lvstudier med inneveckor i H\u00e4rn\u00f6sand d\u00e4r elever och l\u00e4rare tr\u00e4ffas fysiskt. I utbildningarna ing\u00e5r ocks\u00e5 L\u00e4rande i arbete (LIA) som \u00e4r en praktikform.<\/p>\n<p class=\"normal\">Olika huvudm\u00e4n kan erbjuda YH-utbildningar och flera olika akt\u00f6rer bedriver idag utbildningar med H\u00e4rn\u00f6sand som studieort. H\u00e4rn\u00f6sands kommun st\u00f6ttar utbildningarna genom att koppla ihop arbetsgivare med utbildningsakt\u00f6rer och utforma utbildningsans\u00f6kningar, men ocks\u00e5 genom att erbjuda bra utbildningsmilj\u00f6er p\u00e5 L\u00e4rcentrum i Sambiblioteket.<\/p>\n<p>Bra besked f\u00f6r HETA<\/p>\n<p class=\"normal\">Genom H\u00e4rn\u00f6sands Energitekniska Arena (HETA) bedriver H\u00e4rn\u00f6sands kommun ocks\u00e5 egen YH-utbildning, framf\u00f6rallt inom energiteknik. Och \u00e4ven HETA hade anledning att fira efter Myndigheten f\u00f6r yrkesh\u00f6gskolans beslut.<\/p>\n<p class=\"normal\">&#8211; Vi fick klartecken att starta Drifttekniker kraft &amp; v\u00e4rme igen och det \u00e4r j\u00e4tteroligt. Det \u00e4r en utbildning som vi vet \u00e4r v\u00e4ldigt bra och det \u00e4r en profilutbildning f\u00f6r oss, s\u00e4ger Linnea Kempe, utbildningsledare p\u00e5 HETA.<\/p>\n<p class=\"normal\">F\u00f6r den som blir sugen att studera kommer &#8211; ut\u00f6ver de fyra som listats ovan &#8211; f\u00f6ljande utbildningar finnas att s\u00f6ka med H\u00e4rn\u00f6sand som studieort i h\u00f6st:<\/p>\n<ul class=\" normal\">\n<li>Akvaponiingenj\u00f6r<\/li>\n<li>Upphandlare<\/li>\n<li>Stadsodlare<\/li>\n<li>Certifierad Kyl- och v\u00e4rmepumptekniker<\/li>\n<li>Driftingenj\u00f6r Elkraft<\/li>\n<li>Underh\u00e5llsingenj\u00f6r<\/li>\n<li>Processtekniker med v\u00e4tgaskompetens (samarbete med Lapplands L\u00e4rcentra)<\/li>\n<li>Trafikl\u00e4rare (start v\u00e5ren -27)<\/li>\n<\/ul>\n<p class=\"normal\"><strong><a href=\"https:\/\/www.yrkeshogskolan.se\/\" rel=\"nofollow noopener\" target=\"_blank\">L\u00e4s mer om vad YH-utbildning \u00e4r h\u00e4r. L\u00e4nk till annan webbplats.<\/a><\/strong><\/p>\n<p class=\"normal\"><strong><a href=\"https:\/\/campusharnosand.se\/\" rel=\"nofollow noopener\" target=\"_blank\">L\u00e4s mer om alla YH-utbildningar i H\u00e4rn\u00f6sand h\u00e4r.  L\u00e4nk till annan webbplats.<\/a><\/strong><\/p>\n<p class=\"normal\"><strong><a href=\"https:\/\/harnosand.se\/barn--utbildning\/vuxenutbildning\/larcentrum.html\" rel=\"nofollow noopener\" target=\"_blank\">L\u00e4s mer om L\u00e4rcentrum h\u00e4r.<\/a><\/strong><\/p>\n","protected":false},"excerpt":{"rendered":"&#8211; Det hade l\u00e4mnats in nio ans\u00f6kningar med H\u00e4rn\u00f6sand som studieort. Nu beviljades n\u00e4stan h\u00e4lften och det \u00e4r&hellip;\n","protected":false},"author":2,"featured_media":134414,"comment_status":"","ping_status":"","sticky":false,"template":"","format":"standard","meta":{"footnotes":""},"categories":[5],"tags":[5793,22,23,26,27,17,13621,21,13622,24,25,28,29,15,16,18,34,10123,31,33,32,30,19,20,2708,13619,13620],"class_list":{"0":"post-134413","1":"post","2":"type-post","3":"status-publish","4":"format-standard","5":"has-post-thumbnail","7":"category-rubriker","8":"tag-arbetsliv","9":"tag-breaking-news","10":"tag-breakingnews","11":"tag-featured-news","12":"tag-featurednews","13":"tag-headlines","14":"tag-heta","15":"tag-huvudnyheter","16":"tag-kompetensforsorjning","17":"tag-latest-news","18":"tag-latestnews","19":"tag-main-news","20":"tag-mainnews","21":"tag-news","22":"tag-nyheter","23":"tag-rubriker","24":"tag-se","25":"tag-studier","26":"tag-svenska","27":"tag-sverige","28":"tag-sweden","29":"tag-swedish","30":"tag-top-stories","31":"tag-topstories","32":"tag-utbildning","33":"tag-yh","34":"tag-yh-utbildningar"},"share_on_mastodon":{"url":"https:\/\/pubeurope.com\/@se\/115888246130877824","error":""},"_links":{"self":[{"href":"https:\/\/www.europesays.com\/se\/wp-json\/wp\/v2\/posts\/134413","targetHints":{"allow":["GET"]}}],"collection":[{"href":"https:\/\/www.europesays.com\/se\/wp-json\/wp\/v2\/posts"}],"about":[{"href":"https:\/\/www.europesays.com\/se\/wp-json\/wp\/v2\/types\/post"}],"author":[{"embeddable":true,"href":"https:\/\/www.europesays.com\/se\/wp-json\/wp\/v2\/users\/2"}],"replies":[{"embeddable":true,"href":"https:\/\/www.europesays.com\/se\/wp-json\/wp\/v2\/comments?post=134413"}],"version-history":[{"count":0,"href":"https:\/\/www.europesays.com\/se\/wp-json\/wp\/v2\/posts\/134413\/revisions"}],"wp:featuredmedia":[{"embeddable":true,"href":"https:\/\/www.europesays.com\/se\/wp-json\/wp\/v2\/media\/134414"}],"wp:attachment":[{"href":"https:\/\/www.europesays.com\/se\/wp-json\/wp\/v2\/media?parent=134413"}],"wp:term":[{"taxonomy":"category","embeddable":true,"href":"https:\/\/www.europesays.com\/se\/wp-json\/wp\/v2\/categories?post=134413"},{"taxonomy":"post_tag","embeddable":true,"href":"https:\/\/www.europesays.com\/se\/wp-json\/wp\/v2\/tags?post=134413"}],"curies":[{"name":"wp","href":"https:\/\/api.w.org\/{rel}","templated":true}]}}