{"id":134417,"date":"2026-01-13T14:28:28","date_gmt":"2026-01-13T14:28:28","guid":{"rendered":"https:\/\/www.europesays.com\/se\/134417\/"},"modified":"2026-01-13T14:28:28","modified_gmt":"2026-01-13T14:28:28","slug":"yrkes-sm-2028-till-helsingborg-worldskills-sweden","status":"publish","type":"post","link":"https:\/\/www.europesays.com\/se\/134417\/","title":{"rendered":"Yrkes-SM 2028 till Helsingborg &#8211; WorldSkills Sweden"},"content":{"rendered":"<p>&#13;<br \/>\n                        &#13;<br \/>\n&#13;<br \/>\n&#13;<\/p>\n<p><strong>Nu st\u00e5r det klart att Helsingborg st\u00e5r v\u00e4rd f\u00f6r Yrkes-SM 2028. Yrkes-SM \u00e4r Sveriges st\u00f6rsta yrkest\u00e4vling och syftar till att \u00f6ka intresset och rekryteringen till yrkesutbildningar genom att synligg\u00f6ra yrken, utbildningar och yrkesskicklighet. \u00a0<\/strong><\/p>\n<p>&#13;<\/p>\n<p style=\"margin-bottom:11px;margin-top:12px;\"><img decoding=\"async\" alt=\"Yrkes-SM 2028 Helsingborg.jpg\" src=\"https:\/\/www.europesays.com\/se\/wp-content\/uploads\/2026\/01\/bc2068ac6b51623a_800x800ar.jpg\"\/><br \/>Medalj\u00f6rerna fr\u00e5n Yrkes-SM 2024 i Karlstad.\u00a0<\/p>\n<p style=\"margin-bottom:11px;\">Den 9\u201311 maj 2028 kommer svenska m\u00e4sterskapen i yrkesskicklighet att avg\u00f6ras p\u00e5 Olympia Park i centrala Helsingborg. Bakom satsningen st\u00e5r WorldSkills Sweden som tillsammans med Helsingborgs stad kommer st\u00e5 f\u00f6r arrang\u00f6rskapet. Arrangemanget st\u00e4rks genom ett strategiskt samarbete med Visit Sk\u00e5ne, vars engagemang bidrar till att ge projektet r\u00e4tt f\u00f6ruts\u00e4ttningar och r\u00e4ckvidd.<\/p>\n<p>Helsingborg stad har haft f\u00f6rm\u00e5nen att f\u00e5 agera v\u00e4rd f\u00f6r ett stort antal evenemang, konserter, m\u00e4ssor och idrottsevenemang \u2013 som Melodifestivalen, handbolls-VM, handbolls-EM och WorldSkills Swedens satsning Yrkeskampen. Att st\u00e5 v\u00e4rd f\u00f6r Yrkes-SM inneb\u00e4r ett fantastiskt tillf\u00e4lle att inspirera tusentals unga till ett klokt yrkesval, synligg\u00f6ra hur en yrkesutbildning kan ge ett f\u00f6rspr\u00e5ng till en sp\u00e4nnande karri\u00e4r, samt ge bes\u00f6kare fr\u00e5n hela landet chansen att uppleva allt som Helsingborg har att erbjuda.<\/p>\n<p style=\"margin-bottom:16px;\">\u2013 Vi \u00e4r stolta \u00f6ver att f\u00e5 vara v\u00e4rdstad f\u00f6r Yrkes-SM 2028. Yrkesutbildningar spelar en avg\u00f6rande roll f\u00f6r Sveriges kompetensf\u00f6rs\u00f6rjning och ger unga en snabb och trygg v\u00e4g in i arbetslivet. Genom Yrkes-SM kan vi visa bredden, kvaliteten och m\u00f6jligheterna som finns \u2013 och samtidigt v\u00e4lkomna bes\u00f6kare fr\u00e5n hela landet till Helsingborg, s\u00e4ger Dubravka Trejling Nikolic (L), ordf\u00f6rande i barn- och utbildningsn\u00e4mnden i Helsingborgs stad.<\/p>\n<p style=\"margin-bottom:11px;\">WorldSkills Sweden ser fram emot att Yrkes-SM f\u00f6rl\u00e4ggs i Helsingborg. Evenemanget har arrangerats vartannat \u00e5r sedan 2004 i st\u00e4der fr\u00e5n Pite\u00e5 i norr till Malm\u00f6 i s\u00f6der och har inspirerat hundratusentals bes\u00f6kare.<\/p>\n<p style=\"margin-bottom:11px;\">\u2013 Vi vill gratulera Helsingborg och ser fram emot att tillsammans arrangera Yrkes-SM 2028. Att Helsingborg f\u00e5r m\u00f6jligheten att arrangera evenemanget k\u00e4nns extra gl\u00e4djande, s\u00e4rskilt eftersom t\u00e4vlingarna som skulle h\u00e5llits h\u00e4r 2020 st\u00e4lldes in p\u00e5 grund av pandemin. Yrkes-SM \u00e4r en kraftsamling och jag \u00e4r \u00f6vertygad om att vi tillsammans kommer att inspirera unga och visa att en yrkesutbildning \u00e4r ett smart val, s\u00e4ger Pontus Sl\u00e4ttman, vd WorldSkills Sweden.<\/p>\n<p style=\"margin-bottom:11px;\">\u2013<strong> <\/strong>N\u00e4r Yrkes-SM kommer till Helsingborg och Sk\u00e5ne skapar vi en nationell m\u00f6tesplats d\u00e4r unga f\u00e5r inspiration, framtidsvalen blir tydligare och yrkesstoltheten st\u00e5r i centrum. Det h\u00e4r \u00e4r ett viktigt steg i Sk\u00e5nes l\u00e5ngsiktiga arbete med evenemangsinvesteringar som bidrar till regionens attraktionskraft och kompetensf\u00f6rs\u00f6rjning, s\u00e4ger Max Granstr\u00f6m, vd p\u00e5 Visit Sk\u00e5ne.<\/p>\n<p>&#13;<br \/>\n&#13;<br \/>\n&#13;<\/p>\n<p><strong>F\u00f6r fr\u00e5gor kontakta;<\/strong><\/p>\n<p>Pontus Sl\u00e4ttman, <a href=\"https:\/\/news.cision.com\/se\/worldskills-sweden\/r\/mailto:pontus.slattman@worldskills.se\" rel=\"nofollow noopener\" target=\"_blank\">pontus.slattman@worldskills.se<\/a>,\u00a0+46 705 14 75 65 <\/p>\n<p>Cecilia Wickenberg Rosengren, <a href=\"https:\/\/news.cision.com\/se\/worldskills-sweden\/r\/mailto:cecilia.wickenbergrosengren@helsingborg.se\" rel=\"nofollow noopener\" target=\"_blank\">cecilia.wickenbergrosengren@helsingborg.se<\/a>, +46\u00a0721 75 41 35<\/p>\n<p>&#13;<\/p>\n<p><strong>Om Yrkes-SM<\/strong><\/p>\n<p>Yrkes-SM \u00e4r Sveriges st\u00f6rsta yrkest\u00e4vling och syftar till att \u00f6ka intresset och rekryteringen till yrkesutbildningar. Under tre dagar h\u00e5lls ett stort och inneh\u00e5llsrikt t\u00e4vlings- och uppvisningsarrangemang d\u00e4r hundratals av Sveriges mest yrkesskickliga ungdomar f\u00e5r t\u00e4vla mot varandra och visa sin yrkesskicklighet. Under Yrkes-SM ges \u00e4ven bes\u00f6karna m\u00f6jlighet att praktiskt prova p\u00e5 en m\u00e4ngd yrken. Yrkes-SM h\u00e5lls j\u00e4mna \u00e5r och fungerar som uttagst\u00e4vling till det svenska Yrkeslandslaget i kommande Yrkes-EM och Yrkes-VM. Yrkes-SM arrangeras av WorldSkills Sweden. F\u00f6r mer information om Yrkes-SM bes\u00f6k <a href=\"https:\/\/www.yrkessm.se\/\" rel=\"nofollow noopener\" target=\"_blank\">yrkessm.se<\/a><\/p>\n<p><strong>Om WorldSkills Sweden<\/strong><\/p>\n<p>WorldSkills Sweden har i uppdrag att arbeta med att h\u00f6ja attraktionskraft, status samt kvalitet f\u00f6r yrken och yrkesutbildningar. Det uppn\u00e5s bland annat genom att anordna och driva yrkest\u00e4vlingar som Yrkes-SM samt ansvara f\u00f6r det svenska Yrkeslandslagets deltagande i Yrkes-EM och Yrkes-VM. Ut\u00f6ver detta ansvarar WorldSkills Sweden f\u00f6r flertalet projekt riktade mot olika m\u00e5lgrupper och med olika m\u00e5l.<\/p>\n<p>WorldSkills Sweden \u00e4r ett samarbete mellan Svenskt N\u00e4ringsliv, LO och staten (genom Skolverket, Utbildningsdepartementet och Myndigheten f\u00f6r yrkesh\u00f6gskolan). Ut\u00f6ver dessa parter medverkar \u00e4ven branschorganisationer, yrkesn\u00e4mnder, skolor och f\u00f6retag. F\u00f6r mer information bes\u00f6k <a href=\"https:\/\/www.worldskills.se\/\" rel=\"nofollow noopener\" target=\"_blank\">worldskills.se<\/a><\/p>\n<p><strong>Taggar:<\/strong><\/p>\n<p>&#13;<br \/>\n&#13;<br \/>\n&#13;<\/p>\n","protected":false},"excerpt":{"rendered":"&#13; &#13; &#13; &#13; Nu st\u00e5r det klart att Helsingborg st\u00e5r v\u00e4rd f\u00f6r Yrkes-SM 2028. Yrkes-SM \u00e4r Sveriges&hellip;\n","protected":false},"author":2,"featured_media":134418,"comment_status":"","ping_status":"","sticky":false,"template":"","format":"standard","meta":{"footnotes":""},"categories":[65],"tags":[72,70,71,2777,34,31,33,32,30,13624,3351,13623,3349],"class_list":{"0":"post-134417","1":"post","2":"type-post","3":"status-publish","4":"format-standard","5":"has-post-thumbnail","7":"category-ekonomi","8":"tag-business","9":"tag-economy","10":"tag-ekonomi","11":"tag-helsingborg","12":"tag-se","13":"tag-svenska","14":"tag-sverige","15":"tag-sweden","16":"tag-swedish","17":"tag-worldskills","18":"tag-worldskills-sweden","19":"tag-yrkes-sm","20":"tag-yrkesutbildning"},"share_on_mastodon":{"url":"https:\/\/pubeurope.com\/@se\/115888265849894487","error":""},"_links":{"self":[{"href":"https:\/\/www.europesays.com\/se\/wp-json\/wp\/v2\/posts\/134417","targetHints":{"allow":["GET"]}}],"collection":[{"href":"https:\/\/www.europesays.com\/se\/wp-json\/wp\/v2\/posts"}],"about":[{"href":"https:\/\/www.europesays.com\/se\/wp-json\/wp\/v2\/types\/post"}],"author":[{"embeddable":true,"href":"https:\/\/www.europesays.com\/se\/wp-json\/wp\/v2\/users\/2"}],"replies":[{"embeddable":true,"href":"https:\/\/www.europesays.com\/se\/wp-json\/wp\/v2\/comments?post=134417"}],"version-history":[{"count":0,"href":"https:\/\/www.europesays.com\/se\/wp-json\/wp\/v2\/posts\/134417\/revisions"}],"wp:featuredmedia":[{"embeddable":true,"href":"https:\/\/www.europesays.com\/se\/wp-json\/wp\/v2\/media\/134418"}],"wp:attachment":[{"href":"https:\/\/www.europesays.com\/se\/wp-json\/wp\/v2\/media?parent=134417"}],"wp:term":[{"taxonomy":"category","embeddable":true,"href":"https:\/\/www.europesays.com\/se\/wp-json\/wp\/v2\/categories?post=134417"},{"taxonomy":"post_tag","embeddable":true,"href":"https:\/\/www.europesays.com\/se\/wp-json\/wp\/v2\/tags?post=134417"}],"curies":[{"name":"wp","href":"https:\/\/api.w.org\/{rel}","templated":true}]}}