{"id":134419,"date":"2026-01-13T14:29:09","date_gmt":"2026-01-13T14:29:09","guid":{"rendered":"https:\/\/www.europesays.com\/se\/134419\/"},"modified":"2026-01-13T14:29:09","modified_gmt":"2026-01-13T14:29:09","slug":"historiskt-nederlag-for-putin-varre-an-andra-varldskriget","status":"publish","type":"post","link":"https:\/\/www.europesays.com\/se\/134419\/","title":{"rendered":"Historiskt nederlag f\u00f6r Putin \u2013 v\u00e4rre \u00e4n andra v\u00e4rldskriget"},"content":{"rendered":"<p>Naziregimen i Tyskland invaderade och inledde det som i Ryssland kallas f\u00f6r \u201dStora fosterl\u00e4ndska kriget\u201d.<\/p>\n<p>I maj 1945 lades vapnen ner i Europa, vilket innebar att Sovjetunionen l\u00e4mnade 1\u00a0418 dagar av krig bakom sig.<\/p>\n<p>Nu befinner sig den ryska nationen i ett nytt krig som nu g\u00e5r in i ett historiskt skede.<\/p>\n<p><strong>1\u00a0419 dagar<\/strong><\/p>\n<p>Den 24 februari 2022 invaderade Ryssland, med full kraft, Ukraina.<\/p>\n<p>Efter snart fyra \u00e5r av krig passeras nu ett historiskt skede i kriget.<\/p>\n<p>\u2013 Den &#8221;s\u00e4rskilda milit\u00e4ra operationen&#8221; mot Ukraina, som Vladimir Putin inledde den 24 februari 2022, \u00f6verskrider nu varaktigheten av Stora fosterl\u00e4ndska kriget. Den 12 januari 2025 \u00e4r den 1 419:e dagen av kriget, rapporterar The Moscow Times.<\/p>\n<p><strong>Var t\u00e4nkt som ett blixtkrig<\/strong><\/p>\n<p>Att Ryssland fortfarande, efter n\u00e4stan fyra \u00e5r, skulle befinna sig i krig med Ukraina var det troligtvis inte m\u00e5nga som trodde i b\u00f6rjan av invasionen.<\/p>\n<p>Allra minst ryssarna i Kreml.<\/p>\n<p>\u2013 Kriget, som var t\u00e4nkt som ett segerrikt blixtkrig d\u00e4r Kiev skulle falla p\u00e5 tre dagar, har f\u00f6rvandlats till en blodig uppg\u00f6relse som gjort Ryssland till v\u00e4rldsrekordh\u00e5llare i antal sanktioner och som har inneburit f\u00f6rluster m\u00e5nga g\u00e5nger h\u00f6gre \u00e4n krigen i Afghanistan och Tjetjenien tillsammans, uppger tidningen.<\/p>\n<p>L\u00c4S MER: <a href=\"https:\/\/ekonomibladet.se\/detta-saknar-motstycke-slar-tillbaka-mot-trump\/\" rel=\"nofollow noopener\" target=\"_blank\">\u201dDetta saknar motstycke\u201d \u2013 sl\u00e5r tillbaka mot Trump<\/a><\/p>\n<p><strong>Ryska arm\u00e9n lider stora f\u00f6rluster<\/strong><\/p>\n<p>Under det l\u00e5nga kriget har den ryska arm\u00e9n lidit stora f\u00f6rluster p\u00e5 slagf\u00e4ltet.<\/p>\n<p>\u2013 Enligt Natos uppskattningar har den ryska arm\u00e9n i december 2025 f\u00f6rlorat \u00f6ver 1 miljon soldater som d\u00f6dats eller s\u00e5rats, uppger tidningen.<\/p>\n<p>\u2013 Bland de skadade \u00e4r omkring 400 000 personer nu funktionshindrade.<\/p>\n<p><strong>Stora ekonomisk sm\u00e4ll<\/strong><\/p>\n<p>Ut\u00f6ver de stora m\u00e4nskliga f\u00f6rlusterna har kriget ocks\u00e5 inneburit stora ekonomiska bakslag.<\/p>\n<p>\u2013 Kriget suger ut ekonomiska, materiella och m\u00e4nskliga resurser, s\u00e4ger den ryska ekonomen Sergej Aleksasjenko, rapporterar The Moscow Times.<\/p>\n<p>\u2013 Trycket fr\u00e5n v\u00e4sterl\u00e4ndska sanktioner som begr\u00e4nsar tillg\u00e5ngen till modern teknik och utrustning g\u00f6r produktionen omodern och ineffektiv.<\/p>\n<p>L\u00c4S MER: <a style=\"color: #0000ff;\" href=\"https:\/\/ekonomibladet.se\/total-blackout-efter-attack-hundratusentals-ryssar-strandsatta\/\" rel=\"nofollow noopener\" target=\"_blank\">Total \u201cblackout\u201c efter attack \u2013 hundratusentals ryssar strandsatta<\/a><\/p>\n<p>Foto: President of Russia Office<\/p>\n<p>Text: Redaktionen<\/p>\n","protected":false},"excerpt":{"rendered":"Naziregimen i Tyskland invaderade och inledde det som i Ryssland kallas f\u00f6r \u201dStora fosterl\u00e4ndska kriget\u201d. I maj 1945&hellip;\n","protected":false},"author":2,"featured_media":134420,"comment_status":"","ping_status":"","sticky":false,"template":"","format":"standard","meta":{"footnotes":""},"categories":[14],"tags":[22,23,26,27,17,21,24,25,28,29,15,16,18,34,31,33,32,30,19,20,51,52,53,54],"class_list":{"0":"post-134419","1":"post","2":"type-post","3":"status-publish","4":"format-standard","5":"has-post-thumbnail","7":"category-varlden","8":"tag-breaking-news","9":"tag-breakingnews","10":"tag-featured-news","11":"tag-featurednews","12":"tag-headlines","13":"tag-huvudnyheter","14":"tag-latest-news","15":"tag-latestnews","16":"tag-main-news","17":"tag-mainnews","18":"tag-news","19":"tag-nyheter","20":"tag-rubriker","21":"tag-se","22":"tag-svenska","23":"tag-sverige","24":"tag-sweden","25":"tag-swedish","26":"tag-top-stories","27":"tag-topstories","28":"tag-varlden","29":"tag-world","30":"tag-world-news","31":"tag-worldnews"},"share_on_mastodon":{"url":"https:\/\/pubeurope.com\/@se\/115888269861713553","error":""},"_links":{"self":[{"href":"https:\/\/www.europesays.com\/se\/wp-json\/wp\/v2\/posts\/134419","targetHints":{"allow":["GET"]}}],"collection":[{"href":"https:\/\/www.europesays.com\/se\/wp-json\/wp\/v2\/posts"}],"about":[{"href":"https:\/\/www.europesays.com\/se\/wp-json\/wp\/v2\/types\/post"}],"author":[{"embeddable":true,"href":"https:\/\/www.europesays.com\/se\/wp-json\/wp\/v2\/users\/2"}],"replies":[{"embeddable":true,"href":"https:\/\/www.europesays.com\/se\/wp-json\/wp\/v2\/comments?post=134419"}],"version-history":[{"count":0,"href":"https:\/\/www.europesays.com\/se\/wp-json\/wp\/v2\/posts\/134419\/revisions"}],"wp:featuredmedia":[{"embeddable":true,"href":"https:\/\/www.europesays.com\/se\/wp-json\/wp\/v2\/media\/134420"}],"wp:attachment":[{"href":"https:\/\/www.europesays.com\/se\/wp-json\/wp\/v2\/media?parent=134419"}],"wp:term":[{"taxonomy":"category","embeddable":true,"href":"https:\/\/www.europesays.com\/se\/wp-json\/wp\/v2\/categories?post=134419"},{"taxonomy":"post_tag","embeddable":true,"href":"https:\/\/www.europesays.com\/se\/wp-json\/wp\/v2\/tags?post=134419"}],"curies":[{"name":"wp","href":"https:\/\/api.w.org\/{rel}","templated":true}]}}