{"id":134425,"date":"2026-01-13T14:35:06","date_gmt":"2026-01-13T14:35:06","guid":{"rendered":"https:\/\/www.europesays.com\/se\/134425\/"},"modified":"2026-01-13T14:35:06","modified_gmt":"2026-01-13T14:35:06","slug":"dell-bekraftar-intresset-for-ai-datorer-ar-klent","status":"publish","type":"post","link":"https:\/\/www.europesays.com\/se\/134425\/","title":{"rendered":"Dell bekr\u00e4ftar: Intresset f\u00f6r AI-datorer \u00e4r klent"},"content":{"rendered":"<p>P\u00e5 sistone har m\u00e5nga datortillverkare marknadsf\u00f6rt sina modeller som \u201dAI-datorer\u201d, men hajpen kring den nya tekniken tycks inte ha lett till att f\u00f6rs\u00e4ljningen \u00f6kat i n\u00e5gon st\u00f6rre utstr\u00e4ckning.<\/p>\n<p>Med andra ord tycks det vara ytterst f\u00e5 anv\u00e4ndare som k\u00f6per en ny dator bara f\u00f6r m\u00f6jligheten att k\u00f6ra AI-modeller lokalt.<\/p>\n<p>Som en f\u00f6ljd av det klena intresset verkar det nu som om datortillverkarna kommer minska fokuset p\u00e5 AI i sin marknadsf\u00f6ring.<\/p>\n<p>\u2013 Vi \u00e5terg\u00e5r till v\u00e5ra r\u00f6tter med ett f\u00f6rnyat fokus p\u00e5 konsument och spel, s\u00e4ger till exempel en icke-namngiven h\u00f6jdare p\u00e5 Dell i ett uttalande till <a href=\"https:\/\/idg.digidip.net\/visit?url=https:\/\/www.windowslatest.com\/2026\/01\/09\/dell-will-still-have-copilot-pc-branding-for-microsofts-sake-but-it-will-focus-on-gaming-build-quality-not-windows-11-ai-efforts\/&amp;currurl=https:\/\/www.pcforalla.se\/article\/3031054\/dell-bekraftar-intresset-for-ai-datorer-ar-klent.html&amp;ref=8-1-3031054-1-0-0-0-0\" data-type=\"link\" data-id=\"https:\/\/www.windowslatest.com\/2026\/01\/09\/dell-will-still-have-copilot-pc-branding-for-microsofts-sake-but-it-will-focus-on-gaming-build-quality-not-windows-11-ai-efforts\/\" rel=\"nofollow noopener\" data-subtag=\"8-1-3031054-1-0-0-0-0\" data-domain-name=\"windowslatest\" target=\"_blank\">Windows Latest<\/a>.<\/p>\n<p>Dell kommer dock forts\u00e4tta s\u00e4lja datorer med beteckningen Copilot Plus, detta f\u00f6r att f\u00f6lja samarbetsavtalet med Microsoft.<\/p>\n","protected":false},"excerpt":{"rendered":"P\u00e5 sistone har m\u00e5nga datortillverkare marknadsf\u00f6rt sina modeller som \u201dAI-datorer\u201d, men hajpen kring den nya tekniken tycks inte&hellip;\n","protected":false},"author":2,"featured_media":134426,"comment_status":"","ping_status":"","sticky":false,"template":"","format":"standard","meta":{"footnotes":""},"categories":[66],"tags":[80,78,79,34,31,33,32,30,81,84,83,82],"class_list":{"0":"post-134425","1":"post","2":"type-post","3":"status-publish","4":"format-standard","5":"has-post-thumbnail","7":"category-vetenskap-och-teknik","8":"tag-science","9":"tag-science-and-technology","10":"tag-scienceandtechnology","11":"tag-se","12":"tag-svenska","13":"tag-sverige","14":"tag-sweden","15":"tag-swedish","16":"tag-technology","17":"tag-teknik","18":"tag-vetenskap","19":"tag-vetenskapteknik"},"share_on_mastodon":{"url":"https:\/\/pubeurope.com\/@se\/115888293414805185","error":""},"_links":{"self":[{"href":"https:\/\/www.europesays.com\/se\/wp-json\/wp\/v2\/posts\/134425","targetHints":{"allow":["GET"]}}],"collection":[{"href":"https:\/\/www.europesays.com\/se\/wp-json\/wp\/v2\/posts"}],"about":[{"href":"https:\/\/www.europesays.com\/se\/wp-json\/wp\/v2\/types\/post"}],"author":[{"embeddable":true,"href":"https:\/\/www.europesays.com\/se\/wp-json\/wp\/v2\/users\/2"}],"replies":[{"embeddable":true,"href":"https:\/\/www.europesays.com\/se\/wp-json\/wp\/v2\/comments?post=134425"}],"version-history":[{"count":0,"href":"https:\/\/www.europesays.com\/se\/wp-json\/wp\/v2\/posts\/134425\/revisions"}],"wp:featuredmedia":[{"embeddable":true,"href":"https:\/\/www.europesays.com\/se\/wp-json\/wp\/v2\/media\/134426"}],"wp:attachment":[{"href":"https:\/\/www.europesays.com\/se\/wp-json\/wp\/v2\/media?parent=134425"}],"wp:term":[{"taxonomy":"category","embeddable":true,"href":"https:\/\/www.europesays.com\/se\/wp-json\/wp\/v2\/categories?post=134425"},{"taxonomy":"post_tag","embeddable":true,"href":"https:\/\/www.europesays.com\/se\/wp-json\/wp\/v2\/tags?post=134425"}],"curies":[{"name":"wp","href":"https:\/\/api.w.org\/{rel}","templated":true}]}}