{"id":134431,"date":"2026-01-13T14:40:15","date_gmt":"2026-01-13T14:40:15","guid":{"rendered":"https:\/\/www.europesays.com\/se\/134431\/"},"modified":"2026-01-13T14:40:15","modified_gmt":"2026-01-13T14:40:15","slug":"50-kommuner-far-ekonomiskt-stod-for-brottsforebyggande-atgarder-bra","status":"publish","type":"post","link":"https:\/\/www.europesays.com\/se\/134431\/","title":{"rendered":"50 kommuner f\u00e5r ekonomiskt st\u00f6d f\u00f6r brottsf\u00f6rebyggande \u00e5tg\u00e4rder | Br\u00e5"},"content":{"rendered":"<p class=\"normal\">F\u00f6r 2026 ans\u00f6kte 96 kommuner om medel f\u00f6r 159 olika projekt till ett v\u00e4rde om dryga 104 miljoner kronor. Br\u00e5 beviljar st\u00f6d till kommuner fr\u00e5n 15 000 kr till 3 247 000 kr. Det ekonomiska st\u00f6det f\u00f6rdelas inom 19 l\u00e4n, till alla sorters kommuner f\u00f6r en bredd av brottsf\u00f6rebyggande \u00e5tg\u00e4rder.<\/p>\n<p class=\"normal\">Liksom tidigare \u00e5r \u00e4r det ett stort fokus p\u00e5 brottsf\u00f6rebyggande \u00e5tg\u00e4rder f\u00f6r barn och unga i risk f\u00f6r att beg\u00e5 brott. Medel beviljas ocks\u00e5 f\u00f6r ett flertal projekt som handlar om att g\u00f6ra offentliga platser mer levande, attraktiva och \u00f6vervakande vilket \u00f6kar den sociala kontrollen och minskar m\u00f6jligheterna f\u00f6r att brott ska ske. Medel beviljas \u00e4ven f\u00f6r att att f\u00f6rebygga v\u00e5ld i n\u00e4ra relation och p\u00e5 olika s\u00e4tt skydda s\u00e5rbara m\u00e5lgrupper till exempel elever, n\u00e4ringslivet och \u00e4ldre mot brott. Det beviljas \u00e4ven medel f\u00f6r utv\u00e4rdering av SSPS och f\u00f6r gemensam myndighetstillsyn vid arbetslivskriminalitet.<\/p>\n<p class=\"normal\">Det ekonomiska st\u00f6det beviljas f\u00f6r att fr\u00e4mja utvecklingen av brottsf\u00f6rebyggande \u00e5tg\u00e4rder som \u00e4r kunskapsbaserade och som kan st\u00e4rka det brottsf\u00f6rebyggande arbetet p\u00e5 lokal niv\u00e5. De ans\u00f6kningar som bed\u00f6ms ha b\u00e4st m\u00f6jligheter att uppfylla bidragets syften enligt f\u00f6rordningen (2023:442) ges f\u00f6retr\u00e4de. I prioriteringen tas s\u00e4rskilt h\u00e4nsyn till att kommunen har ringat in brottsproblematiken, analyserat m\u00f6jliga orsaker bakom brottsproblem och kan motivera sitt val av \u00e5tg\u00e4rd f\u00f6r att f\u00f6rebygga brottsligheten och dess orsaker.<\/p>\n<p class=\"normal\">\u2013 Vi ser att f\u00e4rre kommuner s\u00f6ker st\u00f6det samtidigt utg\u00e5r fler projekt fr\u00e5n ett mer kvalitativt kunskapsbaserat arbete. Huvuddelen av projekten har nu ocks\u00e5 uppfyllt syftet att st\u00e4rka, utveckla eller utv\u00e4rdera en brottsf\u00f6rebyggande \u00e5tg\u00e4rd s\u00e4ger Marina Tjelvling, handl\u00e4ggare.<\/p>\n<p class=\"normal\">Det \u00e4r inte en enskild \u00e5tg\u00e4rd som \u00e4r mer prioriterad \u00e4n andra utan det \u00e4r det kunskapsbaserade arbetet som st\u00e5r i fokus vid bed\u00f6mningen. Hur st\u00f6det faller ut beror ocks\u00e5 p\u00e5 vilka brottsf\u00f6rebyggande \u00e5tg\u00e4rder som kommunerna vill st\u00e4rka, utveckla eller utv\u00e4rdera.<\/p>\n<p class=\"normal\">Kommunerna som nu har beviljats medel f\u00f6r brottsf\u00f6rebyggande \u00e5tg\u00e4rder kan arbeta med st\u00f6d av bidraget fram till sista december 2026. Kommunerna ska redovisa hur bidraget har anv\u00e4nts i februari 2027.<\/p>\n<p>Ny ans\u00f6kningsperiod f\u00f6r 2027 \u00f6ppnar senare i \u00e5r<\/p>\n<p class=\"normal\">En ny utlysning om statsbidrag till kommuner f\u00f6r brottsf\u00f6rebyggande \u00e5tg\u00e4rder under 2027 kommer att \u00f6ppna sommaren 2026.<\/p>\n","protected":false},"excerpt":{"rendered":"F\u00f6r 2026 ans\u00f6kte 96 kommuner om medel f\u00f6r 159 olika projekt till ett v\u00e4rde om dryga 104 miljoner&hellip;\n","protected":false},"author":2,"featured_media":61424,"comment_status":"","ping_status":"","sticky":false,"template":"","format":"standard","meta":{"footnotes":""},"categories":[5],"tags":[22,23,26,27,17,21,24,25,28,29,15,16,18,34,31,33,32,30,19,20],"class_list":{"0":"post-134431","1":"post","2":"type-post","3":"status-publish","4":"format-standard","5":"has-post-thumbnail","7":"category-rubriker","8":"tag-breaking-news","9":"tag-breakingnews","10":"tag-featured-news","11":"tag-featurednews","12":"tag-headlines","13":"tag-huvudnyheter","14":"tag-latest-news","15":"tag-latestnews","16":"tag-main-news","17":"tag-mainnews","18":"tag-news","19":"tag-nyheter","20":"tag-rubriker","21":"tag-se","22":"tag-svenska","23":"tag-sverige","24":"tag-sweden","25":"tag-swedish","26":"tag-top-stories","27":"tag-topstories"},"share_on_mastodon":{"url":"https:\/\/pubeurope.com\/@se\/115888313094350638","error":""},"_links":{"self":[{"href":"https:\/\/www.europesays.com\/se\/wp-json\/wp\/v2\/posts\/134431","targetHints":{"allow":["GET"]}}],"collection":[{"href":"https:\/\/www.europesays.com\/se\/wp-json\/wp\/v2\/posts"}],"about":[{"href":"https:\/\/www.europesays.com\/se\/wp-json\/wp\/v2\/types\/post"}],"author":[{"embeddable":true,"href":"https:\/\/www.europesays.com\/se\/wp-json\/wp\/v2\/users\/2"}],"replies":[{"embeddable":true,"href":"https:\/\/www.europesays.com\/se\/wp-json\/wp\/v2\/comments?post=134431"}],"version-history":[{"count":0,"href":"https:\/\/www.europesays.com\/se\/wp-json\/wp\/v2\/posts\/134431\/revisions"}],"wp:featuredmedia":[{"embeddable":true,"href":"https:\/\/www.europesays.com\/se\/wp-json\/wp\/v2\/media\/61424"}],"wp:attachment":[{"href":"https:\/\/www.europesays.com\/se\/wp-json\/wp\/v2\/media?parent=134431"}],"wp:term":[{"taxonomy":"category","embeddable":true,"href":"https:\/\/www.europesays.com\/se\/wp-json\/wp\/v2\/categories?post=134431"},{"taxonomy":"post_tag","embeddable":true,"href":"https:\/\/www.europesays.com\/se\/wp-json\/wp\/v2\/tags?post=134431"}],"curies":[{"name":"wp","href":"https:\/\/api.w.org\/{rel}","templated":true}]}}