{"id":134434,"date":"2026-01-13T14:42:08","date_gmt":"2026-01-13T14:42:08","guid":{"rendered":"https:\/\/www.europesays.com\/se\/134434\/"},"modified":"2026-01-13T14:42:08","modified_gmt":"2026-01-13T14:42:08","slug":"lkab-mojliggor-internationell-landslagshandboll-i-kiruna","status":"publish","type":"post","link":"https:\/\/www.europesays.com\/se\/134434\/","title":{"rendered":"LKAB m\u00f6jligg\u00f6r internationell landslagshandboll i Kiruna"},"content":{"rendered":"<ol class=\"breadcrumbs__list\">\n<li class=\"breadcrumbs__item \">\n                                    <a class=\"breadcrumbs__item__link\" href=\"https:\/\/lkab.com\/\" aria-label=\"Home\" rel=\"nofollow noopener\" target=\"_blank\"><\/p>\n<p>                    <\/a><\/p>\n<\/li>\n<li class=\"breadcrumbs__item \">\n                                    <a class=\"breadcrumbs__item__link\" href=\"https:\/\/lkab.com\/nyheter\/\" rel=\"nofollow noopener\" target=\"_blank\"><\/p>\n<p>                        Nyheter<br \/>\n                    <\/a><\/p>\n<\/li>\n<li class=\"breadcrumbs__item breadcrumbs__item--current\">\n                                    <a class=\"breadcrumbs__item__link\" href=\"https:\/\/lkab.com\/nyheter\/lkab-mojliggor-internationell-landslagshandboll-i-kiruna\/\" aria-current=\"page\" rel=\"nofollow noopener\" target=\"_blank\"><\/p>\n<p>                    LKAB m\u00f6jligg\u00f6r internationell landslagshandboll i Kiruna<br \/>\n                    <\/a><\/p>\n<\/li>\n<\/ol>\n<p>            <img decoding=\"async\" class=\"image__image\" src=\"https:\/\/www.europesays.com\/se\/wp-content\/uploads\/2026\/01\/Scandiberico-4-Foto-Iconsport.FF-Handball.webp.webp\"   alt=\"\" loading=\"lazy\" width=\"1800\" height=\"1200\" data-column-content=\"image\"\/><\/p>\n<p>                    Foto: Iconsport\/FF Handball<\/p>\n<p class=\"preamble\">\n    I sommar \u00e5terv\u00e4nder landslagshandbollen till Kiruna n\u00e4r Scandiberico Tournament spelas i Sporthallen den 24\u201326 juli. Herrarnas svenska U18-landslag m\u00f6ter Norge, Spanien och Portugal som en del av uppladdningen inf\u00f6r EM i Serbien. Genom LKAB:s engagemang och samverkan med lokala och nationella akt\u00f6rer f\u00f6rl\u00e4ggs turneringen till Kiruna \u2013 mitt i Malmf\u00e4lten.\n<\/p>\n<p class=\"small-container paragraph\">\n    \u2013 Vi p\u00e5 LKAB vill bidra till ett rikt och levande samh\u00e4lle d\u00e4r idrott, kultur och f\u00f6reningsliv har en sj\u00e4lvklar plats. Att kunna m\u00f6jligg\u00f6ra en internationell landslagsturnering i Kiruna betyder mycket f\u00f6r hela regionen och f\u00f6r framtidens handboll i norr, s\u00e4ger <strong>Johanna Fogman, ansvarig f\u00f6r event och sponsring p\u00e5 LKAB<\/strong>.\n<\/p>\n<p class=\"small-container paragraph\">\n    Turneringen blir inte bara ett viktigt steg i de svenska U18-herrarnas f\u00f6rberedelser inf\u00f6r EM, utan ocks\u00e5 en m\u00f6jlighet att s\u00e4tta ljus p\u00e5 idrotten i norra Sverige och inspirera fler barn och unga i Malmf\u00e4lten att engagera sig i f\u00f6reningslivet.\n<\/p>\n<p class=\"small-container paragraph\">\n    Svenska Handbollf\u00f6rbundet lyfter fram Kiruna som en v\u00e4rdefull milj\u00f6 f\u00f6r landslagsverksamhet, och samarbetet med Handbollf\u00f6rbundet Norr och Kiruna HK har varit avg\u00f6rande f\u00f6r att turneringen ska bli verklighet.\n<\/p>\n<p class=\"small-container paragraph\">\n    \u2013 Vi \u00e4r stolta \u00f6ver att tillsammans med Svenska Handbollf\u00f6rbundet och lokala f\u00f6reningar f\u00e5 bidra till ett arrangemang som st\u00e4rker b\u00e5de idrotten och regionen. F\u00f6rhoppningen \u00e4r att Scandiberico Tournament ska bli en handbollsfest som lever kvar l\u00e5ngt efter slutsignalen, s\u00e4ger Johanna Fogman.\n<\/p>\n<p class=\"small-container paragraph\">\n    Senast landslagshandboll spelades i Kiruna var 2011, d\u00e5 det svenska U19-landslaget f\u00f6rberedde sig inf\u00f6r VM. Nu, 15 \u00e5r senare, \u00e4r det dags igen. Scandiberico Tournament spelas den 24\u201326 juli 2026. U18-EM avg\u00f6rs i Serbien den 29 juli\u20139 augusti.\n<\/p>\n<p>\n                    Taggar<br \/>\n                                            sponsring\n                                    <\/p>\n<p>\n                                    Publicerad: 2026-01-13\n                                            <\/p>\n","protected":false},"excerpt":{"rendered":"Nyheter LKAB m\u00f6jligg\u00f6r internationell landslagshandboll i Kiruna Foto: Iconsport\/FF Handball I sommar \u00e5terv\u00e4nder landslagshandbollen till Kiruna n\u00e4r Scandiberico&hellip;\n","protected":false},"author":2,"featured_media":134435,"comment_status":"","ping_status":"","sticky":false,"template":"","format":"standard","meta":{"footnotes":""},"categories":[68],"tags":[34,3220,111,110,31,33,32,30],"class_list":{"0":"post-134434","1":"post","2":"type-post","3":"status-publish","4":"format-standard","5":"has-post-thumbnail","7":"category-sport","8":"tag-se","9":"tag-sponsring","10":"tag-sport","11":"tag-sports","12":"tag-svenska","13":"tag-sverige","14":"tag-sweden","15":"tag-swedish"},"share_on_mastodon":{"url":"https:\/\/pubeurope.com\/@se\/115888320940679180","error":""},"_links":{"self":[{"href":"https:\/\/www.europesays.com\/se\/wp-json\/wp\/v2\/posts\/134434","targetHints":{"allow":["GET"]}}],"collection":[{"href":"https:\/\/www.europesays.com\/se\/wp-json\/wp\/v2\/posts"}],"about":[{"href":"https:\/\/www.europesays.com\/se\/wp-json\/wp\/v2\/types\/post"}],"author":[{"embeddable":true,"href":"https:\/\/www.europesays.com\/se\/wp-json\/wp\/v2\/users\/2"}],"replies":[{"embeddable":true,"href":"https:\/\/www.europesays.com\/se\/wp-json\/wp\/v2\/comments?post=134434"}],"version-history":[{"count":0,"href":"https:\/\/www.europesays.com\/se\/wp-json\/wp\/v2\/posts\/134434\/revisions"}],"wp:featuredmedia":[{"embeddable":true,"href":"https:\/\/www.europesays.com\/se\/wp-json\/wp\/v2\/media\/134435"}],"wp:attachment":[{"href":"https:\/\/www.europesays.com\/se\/wp-json\/wp\/v2\/media?parent=134434"}],"wp:term":[{"taxonomy":"category","embeddable":true,"href":"https:\/\/www.europesays.com\/se\/wp-json\/wp\/v2\/categories?post=134434"},{"taxonomy":"post_tag","embeddable":true,"href":"https:\/\/www.europesays.com\/se\/wp-json\/wp\/v2\/tags?post=134434"}],"curies":[{"name":"wp","href":"https:\/\/api.w.org\/{rel}","templated":true}]}}