{"id":134439,"date":"2026-01-13T14:46:07","date_gmt":"2026-01-13T14:46:07","guid":{"rendered":"https:\/\/www.europesays.com\/se\/134439\/"},"modified":"2026-01-13T14:46:07","modified_gmt":"2026-01-13T14:46:07","slug":"ryssland-kan-angripa-sverige-for-att-testa-nato","status":"publish","type":"post","link":"https:\/\/www.europesays.com\/se\/134439\/","title":{"rendered":"Ryssland kan angripa Sverige f\u00f6r att testa Nato"},"content":{"rendered":"<p><strong>S\u00c4LEN <\/strong>F\u00f6r att testa Natos artikel 5, allts\u00e5 att ett milit\u00e4rt angrepp p\u00e5 ett allierat land r\u00e4knas som en attack p\u00e5 alla Natol\u00e4nder, kan Ryssland g\u00e5 in milit\u00e4rt p\u00e5 n\u00e5gon av de m\u00e5nga \u00f6arna i finska och svenska sk\u00e4rg\u00e5rden. Det s\u00e4ger \u00f6verbef\u00e4lhavare Michael Claesson till SvD. <\/p>\n<p>\u2013\u00a0V\u00e5r sk\u00e4rg\u00e5rd och \u00c5lands sk\u00e4rg\u00e5rd inneh\u00e5ller en geografi som l\u00e4mpar sig f\u00f6r den typen av \u00f6verv\u00e4ganden. Alla \u00f6ar och kobbar \u00e4r inte befolkade. Man skulle mycket v\u00e4l kunna t\u00e4nka sig ett scenario d\u00e4r Ryssland s\u00e4tter sig p\u00e5 en eller flera av de h\u00e4r \u00f6arna bara f\u00f6r att se vad som h\u00e4nder. Mycket v\u00e4l medvetna om att de kan beh\u00f6va dra sig tillbaka beroende p\u00e5 h\u00e4ndelseutvecklingen. <\/p>\n","protected":false},"excerpt":{"rendered":"S\u00c4LEN F\u00f6r att testa Natos artikel 5, allts\u00e5 att ett milit\u00e4rt angrepp p\u00e5 ett allierat land r\u00e4knas som&hellip;\n","protected":false},"author":2,"featured_media":134440,"comment_status":"","ping_status":"","sticky":false,"template":"","format":"standard","meta":{"footnotes":""},"categories":[14],"tags":[22,23,26,27,17,21,24,25,28,29,15,16,18,34,31,33,32,30,19,20,51,52,53,54],"class_list":{"0":"post-134439","1":"post","2":"type-post","3":"status-publish","4":"format-standard","5":"has-post-thumbnail","7":"category-varlden","8":"tag-breaking-news","9":"tag-breakingnews","10":"tag-featured-news","11":"tag-featurednews","12":"tag-headlines","13":"tag-huvudnyheter","14":"tag-latest-news","15":"tag-latestnews","16":"tag-main-news","17":"tag-mainnews","18":"tag-news","19":"tag-nyheter","20":"tag-rubriker","21":"tag-se","22":"tag-svenska","23":"tag-sverige","24":"tag-sweden","25":"tag-swedish","26":"tag-top-stories","27":"tag-topstories","28":"tag-varlden","29":"tag-world","30":"tag-world-news","31":"tag-worldnews"},"share_on_mastodon":{"url":"https:\/\/pubeurope.com\/@se\/115888336684016424","error":""},"_links":{"self":[{"href":"https:\/\/www.europesays.com\/se\/wp-json\/wp\/v2\/posts\/134439","targetHints":{"allow":["GET"]}}],"collection":[{"href":"https:\/\/www.europesays.com\/se\/wp-json\/wp\/v2\/posts"}],"about":[{"href":"https:\/\/www.europesays.com\/se\/wp-json\/wp\/v2\/types\/post"}],"author":[{"embeddable":true,"href":"https:\/\/www.europesays.com\/se\/wp-json\/wp\/v2\/users\/2"}],"replies":[{"embeddable":true,"href":"https:\/\/www.europesays.com\/se\/wp-json\/wp\/v2\/comments?post=134439"}],"version-history":[{"count":0,"href":"https:\/\/www.europesays.com\/se\/wp-json\/wp\/v2\/posts\/134439\/revisions"}],"wp:featuredmedia":[{"embeddable":true,"href":"https:\/\/www.europesays.com\/se\/wp-json\/wp\/v2\/media\/134440"}],"wp:attachment":[{"href":"https:\/\/www.europesays.com\/se\/wp-json\/wp\/v2\/media?parent=134439"}],"wp:term":[{"taxonomy":"category","embeddable":true,"href":"https:\/\/www.europesays.com\/se\/wp-json\/wp\/v2\/categories?post=134439"},{"taxonomy":"post_tag","embeddable":true,"href":"https:\/\/www.europesays.com\/se\/wp-json\/wp\/v2\/tags?post=134439"}],"curies":[{"name":"wp","href":"https:\/\/api.w.org\/{rel}","templated":true}]}}