{"id":134441,"date":"2026-01-13T14:47:21","date_gmt":"2026-01-13T14:47:21","guid":{"rendered":"https:\/\/www.europesays.com\/se\/134441\/"},"modified":"2026-01-13T14:47:21","modified_gmt":"2026-01-13T14:47:21","slug":"dn-direkt-gul-varning-for-sno-stockholm-drabbas","status":"publish","type":"post","link":"https:\/\/www.europesays.com\/se\/134441\/","title":{"rendered":"DN Direkt \u2013 Gul varning f\u00f6r sn\u00f6 \u2013 Stockholm drabbas"},"content":{"rendered":"<p><img decoding=\"async\" class=\"picture__img\" src=\"https:\/\/www.europesays.com\/se\/wp-content\/uploads\/2026\/01\/1768315641_92_fb98661b-16b7-486a-9402-f5c32241e674.jpeg\" loading=\"lazy\"   alt=\"H\u00e4lften av alla fordons\u00e4renden g\u00e4llde k\u00f6p av begagnade bilar.\"\/>H\u00e4lften av alla fordons\u00e4renden g\u00e4llde k\u00f6p av begagnade bilar. Foto: Vilhelm Stokstad\/TT<\/p>\n<p>Fordons\u00e4renden ligger i topp \u00f6ver de k\u00f6p svenskarna klagade mest p\u00e5 under 2025, enligt organisationen Sveriges Konsumenter.<\/p>\n<p>Det som sticker ut \u00e4r tj\u00e4nster som marknadsf\u00f6rs som hj\u00e4lp till konsumenter, och kan handla om att f\u00e5 hj\u00e4lp med att s\u00e4ga upp prenumerationer, skriva ett cv, v\u00e4rdera en bil.<\/p>\n<p>\u2013 De konsumenter som ringer oss f\u00f6r att f\u00e5 hj\u00e4lp ber\u00e4ttar i princip alltid samma sak: de tolkade det som att tj\u00e4nsten var gratis, men fick sedan en faktura p\u00e5 ibland flera tusen kronor, s\u00e4ger Christine Fransholm, organisationens konsumentv\u00e4gledare i ett pressmeddelande.<\/p>\n<p><strong>K\u00f6pen svenskarna klagade p\u00e5 2025:<\/strong><\/p>\n<p>1. Fordon, 23 procent av alla \u00e4renden.<\/p>\n<p>2. Boende, 17 procent.<\/p>\n<p>3. Telekom, 9 procent.<\/p>\n<p>4. Diverse, 8 procent.<\/p>\n<p>5. Hem\/hush\u00e5ll, 8 procent.<\/p>\n<p>6. Hemelektronik, 4 procent.<\/p>\n<p>7. Fritid\/hobby, 4 procent.<\/p>\n<p>8. Kl\u00e4der\/skor, 4 procent.<\/p>\n<p>9. Energi\/v\u00e4rme, 4 procent.<\/p>\n<p>10. Resa, 3 procent.<\/p>\n<p>Enligt statistik fr\u00e5n Sveriges kommuners konsumentv\u00e4gledare.<\/p>\n","protected":false},"excerpt":{"rendered":"H\u00e4lften av alla fordons\u00e4renden g\u00e4llde k\u00f6p av begagnade bilar. Foto: Vilhelm Stokstad\/TT Fordons\u00e4renden ligger i topp \u00f6ver de&hellip;\n","protected":false},"author":2,"featured_media":134442,"comment_status":"","ping_status":"","sticky":false,"template":"","format":"standard","meta":{"footnotes":""},"categories":[12],"tags":[22,23,26,27,17,21,24,25,28,29,15,16,18,34,31,33,32,30,19,20],"class_list":{"0":"post-134441","1":"post","2":"type-post","3":"status-publish","4":"format-standard","5":"has-post-thumbnail","7":"category-sverige","8":"tag-breaking-news","9":"tag-breakingnews","10":"tag-featured-news","11":"tag-featurednews","12":"tag-headlines","13":"tag-huvudnyheter","14":"tag-latest-news","15":"tag-latestnews","16":"tag-main-news","17":"tag-mainnews","18":"tag-news","19":"tag-nyheter","20":"tag-rubriker","21":"tag-se","22":"tag-svenska","23":"tag-sverige","24":"tag-sweden","25":"tag-swedish","26":"tag-top-stories","27":"tag-topstories"},"share_on_mastodon":{"url":"https:\/\/pubeurope.com\/@se\/115888340476398243","error":""},"_links":{"self":[{"href":"https:\/\/www.europesays.com\/se\/wp-json\/wp\/v2\/posts\/134441","targetHints":{"allow":["GET"]}}],"collection":[{"href":"https:\/\/www.europesays.com\/se\/wp-json\/wp\/v2\/posts"}],"about":[{"href":"https:\/\/www.europesays.com\/se\/wp-json\/wp\/v2\/types\/post"}],"author":[{"embeddable":true,"href":"https:\/\/www.europesays.com\/se\/wp-json\/wp\/v2\/users\/2"}],"replies":[{"embeddable":true,"href":"https:\/\/www.europesays.com\/se\/wp-json\/wp\/v2\/comments?post=134441"}],"version-history":[{"count":0,"href":"https:\/\/www.europesays.com\/se\/wp-json\/wp\/v2\/posts\/134441\/revisions"}],"wp:featuredmedia":[{"embeddable":true,"href":"https:\/\/www.europesays.com\/se\/wp-json\/wp\/v2\/media\/134442"}],"wp:attachment":[{"href":"https:\/\/www.europesays.com\/se\/wp-json\/wp\/v2\/media?parent=134441"}],"wp:term":[{"taxonomy":"category","embeddable":true,"href":"https:\/\/www.europesays.com\/se\/wp-json\/wp\/v2\/categories?post=134441"},{"taxonomy":"post_tag","embeddable":true,"href":"https:\/\/www.europesays.com\/se\/wp-json\/wp\/v2\/tags?post=134441"}],"curies":[{"name":"wp","href":"https:\/\/api.w.org\/{rel}","templated":true}]}}