{"id":134453,"date":"2026-01-13T14:58:07","date_gmt":"2026-01-13T14:58:07","guid":{"rendered":"https:\/\/www.europesays.com\/se\/134453\/"},"modified":"2026-01-13T14:58:07","modified_gmt":"2026-01-13T14:58:07","slug":"os-hjalten-ueli-kestenholz-dod-i-lavin","status":"publish","type":"post","link":"https:\/\/www.europesays.com\/se\/134453\/","title":{"rendered":"OS-hj\u00e4lten Ueli Kestenholz d\u00f6d i lavin"},"content":{"rendered":"<p>Publicerad 13 jan 2026 kl 14.36Uppdaterad kl 15.37<\/p>\n<p>Schweiziska OS-hj\u00e4lten Ueli Kestenholz \u00e4r d\u00f6d.\u00a0<\/p>\n<p>Den tidigare snowboard\u00e5karen blev 50 \u00e5r gammal.\u00a0<\/p>\n<p>Han omkom i en lavinolycka i Alperna.<\/p>\n<p><img   alt=\"\"\/><\/p>\n<p>Ueli Kestenholz, till h\u00f6ger, firar sitt OS-brons<\/p>\n<p>Foto: ROBERT F BUKATY \/ AP PRESSENS BILD,<\/p>\n<p>\u00d6ppna bild i helsk\u00e4rm<\/p>\n<p>Kestenholz var med om en lavinolycka som tog hans liv f\u00f6rra s\u00f6ndagen L\u00f6tchental i schweiziska Alperna.\u00a0<\/p>\n<p>Den tidigare sowboard\u00e5karen blev 50 \u00e5r gammal och l\u00e4mnar efter sig familj och tv\u00e5 barn.\u00a0<\/p>\n<p>\u2013 Vi framf\u00f6r v\u00e5ra djupaste kondoleanser till Uelis familj och n\u00e4ra och k\u00e4ra\u201d, s\u00e4ger Schweiziska skidf\u00f6rbundets president Peter Barandun i ett uttalande.\u00a0<\/p>\n<p>Tog historisk medalj<\/p>\n<p>Kestenholz medverkade I OS f\u00f6r Schweiz vid flera tillf\u00e4llen. Bland annat 1998 i Nagano n\u00e4r snowboard fanns med p\u00e5 programmet f\u00f6r f\u00f6rsta g\u00e5ngen. Det slutade med en bronsmedalj i storslalomen.\u00a0<\/p>\n<p>Han sista medverkan i Olympiska spelen blev 2006 i Turin. Han var en av pionj\u00e4rerna vid den nya grenen snowboardcross 2006.\u00a0<\/p>\n<p>\u201dUeli var en m\u00e5ngsidig snowboard\u00e5kare\u201d, skriver f\u00f6rbundet vidare.\u00a0<\/p>\n<p>Ut\u00f6ver sina framg\u00e5ngar i OS vann han ocks\u00e5 dubbla guldmedaljer vid X-games.\u00a0<\/p>\n<p>Efter han avslutat karri\u00e4ren fortsatte han vara verksam inom flera andra sporter, bland annat mountainbike, fallsk\u00e4rmshoppning och surfning.\u00a0<\/p>\n","protected":false},"excerpt":{"rendered":"Publicerad 13 jan 2026 kl 14.36Uppdaterad kl 15.37 Schweiziska OS-hj\u00e4lten Ueli Kestenholz \u00e4r d\u00f6d.\u00a0 Den tidigare snowboard\u00e5karen blev&hellip;\n","protected":false},"author":2,"featured_media":134454,"comment_status":"","ping_status":"","sticky":false,"template":"","format":"standard","meta":{"footnotes":""},"categories":[68],"tags":[34,1464,111,110,31,33,32,30],"class_list":{"0":"post-134453","1":"post","2":"type-post","3":"status-publish","4":"format-standard","5":"has-post-thumbnail","7":"category-sport","8":"tag-se","9":"tag-sections-vintersport","10":"tag-sport","11":"tag-sports","12":"tag-svenska","13":"tag-sverige","14":"tag-sweden","15":"tag-swedish"},"share_on_mastodon":{"url":"https:\/\/pubeurope.com\/@se\/115888383929944397","error":""},"_links":{"self":[{"href":"https:\/\/www.europesays.com\/se\/wp-json\/wp\/v2\/posts\/134453","targetHints":{"allow":["GET"]}}],"collection":[{"href":"https:\/\/www.europesays.com\/se\/wp-json\/wp\/v2\/posts"}],"about":[{"href":"https:\/\/www.europesays.com\/se\/wp-json\/wp\/v2\/types\/post"}],"author":[{"embeddable":true,"href":"https:\/\/www.europesays.com\/se\/wp-json\/wp\/v2\/users\/2"}],"replies":[{"embeddable":true,"href":"https:\/\/www.europesays.com\/se\/wp-json\/wp\/v2\/comments?post=134453"}],"version-history":[{"count":0,"href":"https:\/\/www.europesays.com\/se\/wp-json\/wp\/v2\/posts\/134453\/revisions"}],"wp:featuredmedia":[{"embeddable":true,"href":"https:\/\/www.europesays.com\/se\/wp-json\/wp\/v2\/media\/134454"}],"wp:attachment":[{"href":"https:\/\/www.europesays.com\/se\/wp-json\/wp\/v2\/media?parent=134453"}],"wp:term":[{"taxonomy":"category","embeddable":true,"href":"https:\/\/www.europesays.com\/se\/wp-json\/wp\/v2\/categories?post=134453"},{"taxonomy":"post_tag","embeddable":true,"href":"https:\/\/www.europesays.com\/se\/wp-json\/wp\/v2\/tags?post=134453"}],"curies":[{"name":"wp","href":"https:\/\/api.w.org\/{rel}","templated":true}]}}