{"id":134459,"date":"2026-01-13T15:02:14","date_gmt":"2026-01-13T15:02:14","guid":{"rendered":"https:\/\/www.europesays.com\/se\/134459\/"},"modified":"2026-01-13T15:02:14","modified_gmt":"2026-01-13T15:02:14","slug":"trump-hotar-kuba-gor-en-deal-3","status":"publish","type":"post","link":"https:\/\/www.europesays.com\/se\/134459\/","title":{"rendered":"Trump hotar Kuba: \u201dG\u00f6r en deal\u201d"},"content":{"rendered":"<p class=\"boxtextgrotesk-root_baa6 hyperion-css-7pajle\">Publicerad 2026-01-11 18.41<\/p>\n<p>share-arrowDela<\/p>\n<p>unsaveSpara<\/p>\n<p>expand-left<\/p>\n<p>helsk\u00e4rm<img decoding=\"async\" class=\"image-asset hyperion-css-u06ts1\" data-test-tag=\"image-asset\" src=\"https:\/\/www.europesays.com\/se\/wp-content\/uploads\/2026\/01\/5138f83b-69b2-48fd-9736-7ec77ac32b0b.jpeg\"  alt=\"Kubas president Miguel Diaz-Canel i samband med evenemang till st\u00f6d f\u00f6r Venezuelas tillf\u00e5ngatagne ledare Nicol\u00e1s Maduro. Bilden \u00e4r tagen 3 januari.\"  loading=\"eager\" fetchpriority=\"high\" style=\"aspect-ratio:1900 \/ 1267\"\/>Kubas president Miguel Diaz-Canel i samband med evenemang till st\u00f6d f\u00f6r Venezuelas tillf\u00e5ngatagne ledare Nicol\u00e1s Maduro. Bilden \u00e4r tagen 3 januari. Foto: Ramon Espinosa\/AP\/TT<\/p>\n<p class=\"hyperion-css-1shl3oz\" data-test-tag=\"lead-text\">Kuba b\u00f6r se till att \u201dg\u00f6ra en deal innan det \u00e4r f\u00f6r sent\u201d. Det skriver USA:s president Donald Trump \u2013 och f\u00e5r mothugg av diktaturens ledare.<\/p>\n<p class=\"hyperion-css-1v9qo5x\">Utspelet fr\u00e5n Trump kommer sedan USA:s attack mot Venezuela, d\u00e4r man tillf\u00e5ngatog Nicol\u00e1s Maduro, vilket har inneburit att transporten av venezuelansk olja till Havanna strypts.<\/p>\n<p class=\"hyperion-css-1v9qo5x\">\u201dDet kommer inte bli n\u00e5gon mer olja eller pengar till Kuba \u2013 noll!\u201d, skriver Trump i ett inl\u00e4gg p\u00e5 sin plattform Truth Social p\u00e5 s\u00f6ndagen, och forts\u00e4tter:<\/p>\n<p class=\"hyperion-css-1v9qo5x\">\u201dJag manar dem \u00e5 det starkaste till att g\u00f6ra en deal innan det \u00e4r f\u00f6r sent!\u201d. Vad f\u00f6r typ av \u00f6verenskommelse han syftar p\u00e5 framg\u00e5r inte.<\/p>\n<p class=\"hyperion-css-1v9qo5x\">Kritiken tillbakavisas i ett X-inl\u00e4gg av Kubas president Miguel Diaz-Canel.<\/p>\n<p class=\"hyperion-css-1v9qo5x\">\u201dKuba \u00e4r en fri, oberoende och suver\u00e4n nation. Ingen dikterar vad vi g\u00f6r\u201d, skriver han och till\u00e4gger att landet \u00e4r redo att f\u00f6rsvara sig \u201dtill sista blodsdroppen\u201d.<\/p>\n","protected":false},"excerpt":{"rendered":"Publicerad 2026-01-11 18.41 share-arrowDela unsaveSpara expand-left helsk\u00e4rmKubas president Miguel Diaz-Canel i samband med evenemang till st\u00f6d f\u00f6r Venezuelas&hellip;\n","protected":false},"author":2,"featured_media":134460,"comment_status":"","ping_status":"","sticky":false,"template":"","format":"standard","meta":{"footnotes":""},"categories":[14],"tags":[22,23,26,27,17,21,24,25,28,29,15,16,18,34,31,33,32,30,19,20,51,52,53,54],"class_list":{"0":"post-134459","1":"post","2":"type-post","3":"status-publish","4":"format-standard","5":"has-post-thumbnail","7":"category-varlden","8":"tag-breaking-news","9":"tag-breakingnews","10":"tag-featured-news","11":"tag-featurednews","12":"tag-headlines","13":"tag-huvudnyheter","14":"tag-latest-news","15":"tag-latestnews","16":"tag-main-news","17":"tag-mainnews","18":"tag-news","19":"tag-nyheter","20":"tag-rubriker","21":"tag-se","22":"tag-svenska","23":"tag-sverige","24":"tag-sweden","25":"tag-swedish","26":"tag-top-stories","27":"tag-topstories","28":"tag-varlden","29":"tag-world","30":"tag-world-news","31":"tag-worldnews"},"share_on_mastodon":{"url":"https:\/\/pubeurope.com\/@se\/115888399529929294","error":""},"_links":{"self":[{"href":"https:\/\/www.europesays.com\/se\/wp-json\/wp\/v2\/posts\/134459","targetHints":{"allow":["GET"]}}],"collection":[{"href":"https:\/\/www.europesays.com\/se\/wp-json\/wp\/v2\/posts"}],"about":[{"href":"https:\/\/www.europesays.com\/se\/wp-json\/wp\/v2\/types\/post"}],"author":[{"embeddable":true,"href":"https:\/\/www.europesays.com\/se\/wp-json\/wp\/v2\/users\/2"}],"replies":[{"embeddable":true,"href":"https:\/\/www.europesays.com\/se\/wp-json\/wp\/v2\/comments?post=134459"}],"version-history":[{"count":0,"href":"https:\/\/www.europesays.com\/se\/wp-json\/wp\/v2\/posts\/134459\/revisions"}],"wp:featuredmedia":[{"embeddable":true,"href":"https:\/\/www.europesays.com\/se\/wp-json\/wp\/v2\/media\/134460"}],"wp:attachment":[{"href":"https:\/\/www.europesays.com\/se\/wp-json\/wp\/v2\/media?parent=134459"}],"wp:term":[{"taxonomy":"category","embeddable":true,"href":"https:\/\/www.europesays.com\/se\/wp-json\/wp\/v2\/categories?post=134459"},{"taxonomy":"post_tag","embeddable":true,"href":"https:\/\/www.europesays.com\/se\/wp-json\/wp\/v2\/tags?post=134459"}],"curies":[{"name":"wp","href":"https:\/\/api.w.org\/{rel}","templated":true}]}}