{"id":134461,"date":"2026-01-13T15:03:10","date_gmt":"2026-01-13T15:03:10","guid":{"rendered":"https:\/\/www.europesays.com\/se\/134461\/"},"modified":"2026-01-13T15:03:10","modified_gmt":"2026-01-13T15:03:10","slug":"samtliga-slappta-efter-kvinna-hittats-dod","status":"publish","type":"post","link":"https:\/\/www.europesays.com\/se\/134461\/","title":{"rendered":"Samtliga sl\u00e4ppta efter kvinna hittats d\u00f6d"},"content":{"rendered":"<p class=\"text\">Under s\u00f6ndagskv\u00e4llen p\u00e5tr\u00e4ffades en kvinna d\u00f6d i en bostad i Djursholm. Tre personer greps och anh\u00f6lls, misst\u00e4nkta f\u00f6r dr\u00e5p.<\/p>\n<p class=\"text\">De tre personerna har nu sl\u00e4ppts efter att misstankarna mot dem f\u00f6rsvagats. Under tisdagen greps en annan person, \u00e4ven den misst\u00e4nkt f\u00f6r dr\u00e5p.<\/p>\n<p class=\"text\">\u2013 Efter f\u00f6rh\u00f6r besl\u00f6t jag att h\u00e4va det gripandet ocks\u00e5, s\u00e4ger \u00e5klagare Urszula Grabowska.<\/p>\n<p class=\"text\">Samtliga \u00e4r fortfarande misst\u00e4nkta i fallet.<\/p>\n<p class=\"text\">\u2013 Nu har vi en hel del utrednings\u00e5tg\u00e4rder som ska verkst\u00e4llas, sedan tar vi ett helhetsgrepp f\u00f6r att sedan se vad som h\u00e4nder i \u00e4rendet.<\/p>\n<p>Klar bild av h\u00e4ndelsef\u00f6rloppet<\/p>\n<p class=\"text\">Under m\u00e5ndagen figurerade flera uppgifter i media om d\u00f6dshj\u00e4lp. Det \u00e4r inget som Urszula Grabowska vill kommentera i nul\u00e4get.<\/p>\n<p class=\"text\">\u2013 Men vi har en klar bild av vad som har h\u00e4nt. Men det \u00e4r vissa saker som vi m\u00e5ste dubbelkolla, s\u00e4ger hon.<\/p>\n","protected":false},"excerpt":{"rendered":"Under s\u00f6ndagskv\u00e4llen p\u00e5tr\u00e4ffades en kvinna d\u00f6d i en bostad i Djursholm. Tre personer greps och anh\u00f6lls, misst\u00e4nkta f\u00f6r&hellip;\n","protected":false},"author":2,"featured_media":134462,"comment_status":"","ping_status":"","sticky":false,"template":"","format":"standard","meta":{"footnotes":""},"categories":[12],"tags":[22,23,26,27,17,21,24,25,28,29,15,16,18,34,31,33,32,30,19,20],"class_list":{"0":"post-134461","1":"post","2":"type-post","3":"status-publish","4":"format-standard","5":"has-post-thumbnail","7":"category-sverige","8":"tag-breaking-news","9":"tag-breakingnews","10":"tag-featured-news","11":"tag-featurednews","12":"tag-headlines","13":"tag-huvudnyheter","14":"tag-latest-news","15":"tag-latestnews","16":"tag-main-news","17":"tag-mainnews","18":"tag-news","19":"tag-nyheter","20":"tag-rubriker","21":"tag-se","22":"tag-svenska","23":"tag-sverige","24":"tag-sweden","25":"tag-swedish","26":"tag-top-stories","27":"tag-topstories"},"share_on_mastodon":{"url":"https:\/\/pubeurope.com\/@se\/115888403476078890","error":""},"_links":{"self":[{"href":"https:\/\/www.europesays.com\/se\/wp-json\/wp\/v2\/posts\/134461","targetHints":{"allow":["GET"]}}],"collection":[{"href":"https:\/\/www.europesays.com\/se\/wp-json\/wp\/v2\/posts"}],"about":[{"href":"https:\/\/www.europesays.com\/se\/wp-json\/wp\/v2\/types\/post"}],"author":[{"embeddable":true,"href":"https:\/\/www.europesays.com\/se\/wp-json\/wp\/v2\/users\/2"}],"replies":[{"embeddable":true,"href":"https:\/\/www.europesays.com\/se\/wp-json\/wp\/v2\/comments?post=134461"}],"version-history":[{"count":0,"href":"https:\/\/www.europesays.com\/se\/wp-json\/wp\/v2\/posts\/134461\/revisions"}],"wp:featuredmedia":[{"embeddable":true,"href":"https:\/\/www.europesays.com\/se\/wp-json\/wp\/v2\/media\/134462"}],"wp:attachment":[{"href":"https:\/\/www.europesays.com\/se\/wp-json\/wp\/v2\/media?parent=134461"}],"wp:term":[{"taxonomy":"category","embeddable":true,"href":"https:\/\/www.europesays.com\/se\/wp-json\/wp\/v2\/categories?post=134461"},{"taxonomy":"post_tag","embeddable":true,"href":"https:\/\/www.europesays.com\/se\/wp-json\/wp\/v2\/tags?post=134461"}],"curies":[{"name":"wp","href":"https:\/\/api.w.org\/{rel}","templated":true}]}}