{"id":134478,"date":"2026-01-13T15:14:07","date_gmt":"2026-01-13T15:14:07","guid":{"rendered":"https:\/\/www.europesays.com\/se\/134478\/"},"modified":"2026-01-13T15:14:07","modified_gmt":"2026-01-13T15:14:07","slug":"lulea-utan-klubbor-maste-kanske-kopa-nya","status":"publish","type":"post","link":"https:\/\/www.europesays.com\/se\/134478\/","title":{"rendered":"Lule\u00e5 utan klubbor \u2013 m\u00e5ste kanske k\u00f6pa nya"},"content":{"rendered":"<blockquote class=\"sc-d641d43c-1 hRLkKT\">\n<p class=\"sc-c25743f0-0 sc-e37c0145-2 hObFds DQgPn\">Spelarnas klubbor kom inte med planet, utan de blev kvar i K\u00f6penhamn. Och kommer de inte till r\u00e4tta i tid m\u00e5ste vi k\u00f6pa nya, s\u00e4ger vice sportchefen Ulf Engman till <a href=\"https:\/\/www.kuriren.nu\/sport\/ishockey\/artikel\/lulea-hockeys-klubbor-blev-kvar-i-danmark-kan-tvingas-kopa-nya\/rggx23xr\" class=\"pcc\" target=\"_blank\" rel=\"noopener noreferrer nofollow\">Norrbottens-Kuriren<\/a>.<\/p>\n<\/blockquote>\n<blockquote class=\"sc-d641d43c-1 hRLkKT\">\n<p class=\"sc-c25743f0-0 sc-e37c0145-2 hObFds DQgPn\">Det skulle f\u00f6rmodligen g\u00e5 p\u00e5 150\u00a0000 till 200\u00a0000 kronor. Killarna kan ju inte ha en klubba var.<\/p>\n<\/blockquote>\n<p class=\"sc-c25743f0-0 sc-e37c0145-2 hObFds DQgPn\">Lule\u00e5 fick l\u00e5na klubbor av motst\u00e5ndaren Zug p\u00e5 m\u00e5ndagen.<\/p>\n<blockquote class=\"sc-d641d43c-1 hRLkKT\">\n<p class=\"sc-c25743f0-0 sc-e37c0145-2 hObFds DQgPn\">Det var schysst av dem. Om de inte gjort det hade vi inte kunnat tr\u00e4na, s\u00e4ger Engman.<\/p>\n<\/blockquote>\n<p class=\"sc-c25743f0-0 sc-e37c0145-2 hObFds DQgPn\">P\u00e5 tisdagseftermiddagen saknades fortfarande klubborna.<\/p>\n<blockquote class=\"sc-d641d43c-1 hRLkKT\">\n<p class=\"sc-c25743f0-0 sc-e37c0145-2 hObFds DQgPn\">Det \u00e4r bara att hoppas att klubborna kommer fram i tid till matchen.<\/p>\n<\/blockquote>\n<p class=\"sc-c25743f0-0 sc-e37c0145-2 hObFds DQgPn\">Returm\u00f6tet i Lule\u00e5 spelas n\u00e4sta tisdag.<\/p>\n","protected":false},"excerpt":{"rendered":"Spelarnas klubbor kom inte med planet, utan de blev kvar i K\u00f6penhamn. Och kommer de inte till r\u00e4tta&hellip;\n","protected":false},"author":2,"featured_media":134479,"comment_status":"","ping_status":"","sticky":false,"template":"","format":"standard","meta":{"footnotes":""},"categories":[68],"tags":[34,111,110,31,33,32,30],"class_list":{"0":"post-134478","1":"post","2":"type-post","3":"status-publish","4":"format-standard","5":"has-post-thumbnail","7":"category-sport","8":"tag-se","9":"tag-sport","10":"tag-sports","11":"tag-svenska","12":"tag-sverige","13":"tag-sweden","14":"tag-swedish"},"share_on_mastodon":{"url":"https:\/\/pubeurope.com\/@se\/115888446738632241","error":""},"_links":{"self":[{"href":"https:\/\/www.europesays.com\/se\/wp-json\/wp\/v2\/posts\/134478","targetHints":{"allow":["GET"]}}],"collection":[{"href":"https:\/\/www.europesays.com\/se\/wp-json\/wp\/v2\/posts"}],"about":[{"href":"https:\/\/www.europesays.com\/se\/wp-json\/wp\/v2\/types\/post"}],"author":[{"embeddable":true,"href":"https:\/\/www.europesays.com\/se\/wp-json\/wp\/v2\/users\/2"}],"replies":[{"embeddable":true,"href":"https:\/\/www.europesays.com\/se\/wp-json\/wp\/v2\/comments?post=134478"}],"version-history":[{"count":0,"href":"https:\/\/www.europesays.com\/se\/wp-json\/wp\/v2\/posts\/134478\/revisions"}],"wp:featuredmedia":[{"embeddable":true,"href":"https:\/\/www.europesays.com\/se\/wp-json\/wp\/v2\/media\/134479"}],"wp:attachment":[{"href":"https:\/\/www.europesays.com\/se\/wp-json\/wp\/v2\/media?parent=134478"}],"wp:term":[{"taxonomy":"category","embeddable":true,"href":"https:\/\/www.europesays.com\/se\/wp-json\/wp\/v2\/categories?post=134478"},{"taxonomy":"post_tag","embeddable":true,"href":"https:\/\/www.europesays.com\/se\/wp-json\/wp\/v2\/tags?post=134478"}],"curies":[{"name":"wp","href":"https:\/\/api.w.org\/{rel}","templated":true}]}}