{"id":134488,"date":"2026-01-13T15:20:08","date_gmt":"2026-01-13T15:20:08","guid":{"rendered":"https:\/\/www.europesays.com\/se\/134488\/"},"modified":"2026-01-13T15:20:08","modified_gmt":"2026-01-13T15:20:08","slug":"folj-med-bakom-kulisserna-pa-folk-och-forsvar-i-salen-2026-svt-nyheter","status":"publish","type":"post","link":"https:\/\/www.europesays.com\/se\/134488\/","title":{"rendered":"F\u00f6lj med bakom kulisserna p\u00e5 Folk och f\u00f6rsvar i S\u00e4len 2026 &#8211; SVT Nyheter"},"content":{"rendered":"<ol>\n<li><a href=\"https:\/\/news.google.com\/rss\/articles\/CBMiogFBVV95cUxObHNOYW9HTlJua3Y3NG9Bc1FiX0FNUERpODlZcE5MSGRsNzQ2Q1c3ejNiZ3lkdkMxdHplVFJwd29WRlFZYnJPZVp1ZnZKWUNKNnRESmNqYWgtQWJGenY3aS0zYmxvZ3NEa2R5cnJaNDV5UmlfbWVWb1VjS2pxSUF0RHppc3pUNzhQU3lsZkItNnRuUWUzYzY1RDU1VWNXaEUxaVE?oc=5\" target=\"_blank\" rel=\"nofollow noopener\">F\u00f6lj med bakom kulisserna p\u00e5 Folk och f\u00f6rsvar i S\u00e4len 2026<\/a>&nbsp;&nbsp;SVT Nyheter<\/li>\n<li><a href=\"https:\/\/news.google.com\/rss\/articles\/CBMisgFBVV95cUxNQTNzTlVOLXpwNGhHVldEYVhFMFFzSzlMUm41QTF5bVhnMnZmejdHMkdfRkhwYUNUZU92M3JmTE1qS1F4c2Z1dlp5cDE4bHgxYWhKQjdUWFM4Tnc1Y3p2enVnajkzUllSYjZWUEtVWnlEdDJRaHZBelktU0lyc05Jb2lsUkxHZkpVU21tYlBwR0V1Wl8wMFNVVnpxcnF1ZmE1XzhsRnQyTzBFcWxCRFRzd3B3?oc=5\" target=\"_blank\" rel=\"nofollow noopener\">Sociala plattformar ska tvingas ta bort g\u00e4ngens annonser \u2013 Senaste nytt om Folk och f\u00f6rsvar 2026<\/a>&nbsp;&nbsp;SVT Nyheter<\/li>\n<li><a href=\"https:\/\/news.google.com\/rss\/articles\/CBMikgFBVV95cUxObEhYcEc4WThwN1hIU0NmSzJSOGVabDl0aGQ4ZUlNUFl0RWx0RnBCV0hrQ1lZUEk3RUd0QUx3cWFVTEduRDdOR192TS14ejNrSDh5NzFfX1FhbzgzMTFqQ0VDTDZwRU1MMVlnNDVlOEJfdzlPbUpGVDE3ZXhvaWlGbEFmNjVBbkdOTlJVUG45NHJZUQ?oc=5\" target=\"_blank\" rel=\"nofollow noopener\">Joakim Medin: Snart m\u00e5ste politikerna v\u00e5ga s\u00e4ga n\u00e5got om hotet fr\u00e5n USA<\/a>&nbsp;&nbsp;ETC.se<\/li>\n<li><a href=\"https:\/\/news.google.com\/rss\/articles\/CBMitgFBVV95cUxPb1VJSW5KMlowNUN6b2VvYThmenBYS1JGdHZzSUtlaTBhNjJPWTFKSjhMZ1pTWndSVlBiX3JrVjFrT1NvT2JqYXdlS2tfLUJwRl93X0dCWnhQVk1zVXg2U3JwRDdSOG1qc1BDcXQ0NGVKcF9kektlU3JjemRlZ1k5ckZ3Z3JOSTJ6SGhaX2FoQXM5MFJjVWh6M1EtdUljbldzTHZBZHdrUUIyUndVaVM3cUY0Ykc3dw?oc=5\" target=\"_blank\" rel=\"nofollow noopener\">Helena Giss\u00e9n om Folk och F\u00f6rsvars konferens: \u201dEnorm oro \u2013 m\u00e5nga sammanbitna miner\u201d<\/a>&nbsp;&nbsp;Sveriges Radio<\/li>\n<li><a href=\"https:\/\/news.google.com\/rss\/articles\/CBMijAFBVV95cUxOalk4ZDQzZ25pdG41U0RFZ01hV195a2U0cFJnMTlJMjN5QURtX2F5X1NabGEwcE85eV95cF80SEZfX2N6OVgyS2JRRGozN01jRGNYNnJMd0p0WktJem1aUUNzVjNnTEc5MzRrV3JwQ25kNTBKdVQxSVpPWTdDZF92ZVd3VE8yT3FORDZtUQ?oc=5\" target=\"_blank\" rel=\"nofollow noopener\">MP-beskedet om Nato \u2013 efter Trumps nya hot<\/a>&nbsp;&nbsp;Expressen<\/li>\n<\/ol>\n","protected":false},"excerpt":{"rendered":"F\u00f6lj med bakom kulisserna p\u00e5 Folk och f\u00f6rsvar i S\u00e4len 2026&nbsp;&nbsp;SVT Nyheter Sociala plattformar ska tvingas ta bort&hellip;\n","protected":false},"author":2,"featured_media":134489,"comment_status":"","ping_status":"","sticky":false,"template":"","format":"standard","meta":{"footnotes":""},"categories":[5],"tags":[22,23,26,27,17,21,24,25,28,29,15,16,18,34,31,33,32,30,19,20],"class_list":{"0":"post-134488","1":"post","2":"type-post","3":"status-publish","4":"format-standard","5":"has-post-thumbnail","7":"category-rubriker","8":"tag-breaking-news","9":"tag-breakingnews","10":"tag-featured-news","11":"tag-featurednews","12":"tag-headlines","13":"tag-huvudnyheter","14":"tag-latest-news","15":"tag-latestnews","16":"tag-main-news","17":"tag-mainnews","18":"tag-news","19":"tag-nyheter","20":"tag-rubriker","21":"tag-se","22":"tag-svenska","23":"tag-sverige","24":"tag-sweden","25":"tag-swedish","26":"tag-top-stories","27":"tag-topstories"},"share_on_mastodon":{"url":"https:\/\/pubeurope.com\/@se\/115888470291245824","error":""},"_links":{"self":[{"href":"https:\/\/www.europesays.com\/se\/wp-json\/wp\/v2\/posts\/134488","targetHints":{"allow":["GET"]}}],"collection":[{"href":"https:\/\/www.europesays.com\/se\/wp-json\/wp\/v2\/posts"}],"about":[{"href":"https:\/\/www.europesays.com\/se\/wp-json\/wp\/v2\/types\/post"}],"author":[{"embeddable":true,"href":"https:\/\/www.europesays.com\/se\/wp-json\/wp\/v2\/users\/2"}],"replies":[{"embeddable":true,"href":"https:\/\/www.europesays.com\/se\/wp-json\/wp\/v2\/comments?post=134488"}],"version-history":[{"count":0,"href":"https:\/\/www.europesays.com\/se\/wp-json\/wp\/v2\/posts\/134488\/revisions"}],"wp:featuredmedia":[{"embeddable":true,"href":"https:\/\/www.europesays.com\/se\/wp-json\/wp\/v2\/media\/134489"}],"wp:attachment":[{"href":"https:\/\/www.europesays.com\/se\/wp-json\/wp\/v2\/media?parent=134488"}],"wp:term":[{"taxonomy":"category","embeddable":true,"href":"https:\/\/www.europesays.com\/se\/wp-json\/wp\/v2\/categories?post=134488"},{"taxonomy":"post_tag","embeddable":true,"href":"https:\/\/www.europesays.com\/se\/wp-json\/wp\/v2\/tags?post=134488"}],"curies":[{"name":"wp","href":"https:\/\/api.w.org\/{rel}","templated":true}]}}