{"id":134494,"date":"2026-01-13T15:25:08","date_gmt":"2026-01-13T15:25:08","guid":{"rendered":"https:\/\/www.europesays.com\/se\/134494\/"},"modified":"2026-01-13T15:25:08","modified_gmt":"2026-01-13T15:25:08","slug":"bofa-ser-attraktiv-vardering-i-nibe-behaller-riktkurs-med-30-procents-uppsida","status":"publish","type":"post","link":"https:\/\/www.europesays.com\/se\/134494\/","title":{"rendered":"BofA ser attraktiv v\u00e4rdering i Nibe, beh\u00e5ller riktkurs med 30 procents uppsida"},"content":{"rendered":"<p>&#13;<br \/>\n                        I analysen lyfts bland annat fram att Nibe verkar ha f\u00f6rsvarat sin marknadsandel och premiumpriss\u00e4ttning under fj\u00e4rde kvartalet, baserat p\u00e5 feedback fr\u00e5n installat\u00f6rer.<\/p>\n<p>Som en f\u00f6ljd av detta v\u00e4ntas det st\u00f6rsta aff\u00e4rsomr\u00e5det Climate Solutions, d\u00e4r v\u00e4rmepumparna ing\u00e5r, att ha vuxit i linje med marknaden p\u00e5 8 procent. Detta b\u00f6r i s\u00e5dana fall r\u00e4cka f\u00f6r att \u00e5terst\u00e4lla en r\u00f6relsemarginal f\u00f6r Climate Solutions p\u00e5 14,7 procent, vilket inneb\u00e4r att man \u00e4r tillbaka p\u00e5 niv\u00e5er fr\u00e5n f\u00f6re 2023.<\/p>\n<p>N\u00e4r det kommer till den europeiska marknaden f\u00f6r v\u00e4rmepumpar konstaterar BofA att den \u00e5terh\u00e4mtar sig, om \u00e4n l\u00e5ngsamt. <\/p>\n<p>\u201cV\u00e5ra diskussioner med installat\u00f6rer tyder p\u00e5 en stark efterfr\u00e5gan i Tyskland och Benelux under fj\u00e4rde kvartalet, medan aktiviteten var svagare i Norden, Storbritannien och \u00d6steuropa\u201d, skriver banken.<\/p>\n<p>Vad g\u00e4ller v\u00e4rderingen noteras det att Nibe handlas till cirka 13 g\u00e5nger ev\/ebita p\u00e5 prognoser f\u00f6r 2027, vilket \u00e4r cirka 30 procent under det historiska snittet. Banken bed\u00f6mer detta vara en attraktiv v\u00e4rdering om man beaktar en f\u00f6rv\u00e4ntad organisk tillv\u00e4xt p\u00e5 cirka 7,2 procent, exklusive valutaeffekter, och en r\u00f6relsemarginal p\u00e5 12,4 procent, vilka b\u00e5da \u00e4r i linje med det historiska snittet.&#13;\n                    <\/p>\n","protected":false},"excerpt":{"rendered":"&#13; I analysen lyfts bland annat fram att Nibe verkar ha f\u00f6rsvarat sin marknadsandel och premiumpriss\u00e4ttning under fj\u00e4rde&hellip;\n","protected":false},"author":2,"featured_media":120088,"comment_status":"","ping_status":"","sticky":false,"template":"","format":"standard","meta":{"footnotes":""},"categories":[65],"tags":[72,70,71,454,453,451,452,34,31,33,32,30,455],"class_list":{"0":"post-134494","1":"post","2":"type-post","3":"status-publish","4":"format-standard","5":"has-post-thumbnail","7":"category-ekonomi","8":"tag-business","9":"tag-economy","10":"tag-ekonomi","11":"tag-ekonomisk-analys","12":"tag-finans","13":"tag-finansiella-nyheter","14":"tag-investera","15":"tag-se","16":"tag-svenska","17":"tag-sverige","18":"tag-sweden","19":"tag-swedish","20":"tag-trading"},"share_on_mastodon":{"url":"https:\/\/pubeurope.com\/@se\/115888489973504568","error":""},"_links":{"self":[{"href":"https:\/\/www.europesays.com\/se\/wp-json\/wp\/v2\/posts\/134494","targetHints":{"allow":["GET"]}}],"collection":[{"href":"https:\/\/www.europesays.com\/se\/wp-json\/wp\/v2\/posts"}],"about":[{"href":"https:\/\/www.europesays.com\/se\/wp-json\/wp\/v2\/types\/post"}],"author":[{"embeddable":true,"href":"https:\/\/www.europesays.com\/se\/wp-json\/wp\/v2\/users\/2"}],"replies":[{"embeddable":true,"href":"https:\/\/www.europesays.com\/se\/wp-json\/wp\/v2\/comments?post=134494"}],"version-history":[{"count":0,"href":"https:\/\/www.europesays.com\/se\/wp-json\/wp\/v2\/posts\/134494\/revisions"}],"wp:featuredmedia":[{"embeddable":true,"href":"https:\/\/www.europesays.com\/se\/wp-json\/wp\/v2\/media\/120088"}],"wp:attachment":[{"href":"https:\/\/www.europesays.com\/se\/wp-json\/wp\/v2\/media?parent=134494"}],"wp:term":[{"taxonomy":"category","embeddable":true,"href":"https:\/\/www.europesays.com\/se\/wp-json\/wp\/v2\/categories?post=134494"},{"taxonomy":"post_tag","embeddable":true,"href":"https:\/\/www.europesays.com\/se\/wp-json\/wp\/v2\/tags?post=134494"}],"curies":[{"name":"wp","href":"https:\/\/api.w.org\/{rel}","templated":true}]}}