{"id":134503,"date":"2026-01-13T15:30:07","date_gmt":"2026-01-13T15:30:07","guid":{"rendered":"https:\/\/www.europesays.com\/se\/134503\/"},"modified":"2026-01-13T15:30:07","modified_gmt":"2026-01-13T15:30:07","slug":"frankie-boakye-forstarker-damerna-ifk-goteborg-hela-stadens-lag","status":"publish","type":"post","link":"https:\/\/www.europesays.com\/se\/134503\/","title":{"rendered":"Frankie Boakye f\u00f6rst\u00e4rker damerna | IFK G\u00f6teborg \u2013 Hela stadens lag"},"content":{"rendered":"<p class=\"p3\"><strong>Frankie Boakye kliver in som assisterande tr\u00e4nare till Marcus Lantz i IFK G\u00f6teborgs damlag.<\/strong><br \/><strong>50-\u00e5ringen har varit en del av Bl\u00e5vitts akademiverksamhet sedan 2016, men blir nu en permanent del av damernas ledarstab.<\/strong><br \/><strong>\u2013 Jag ser v\u00e4ldigt mycket fram emot \u00e5ret som kommer, s\u00e4ger han.<\/strong><\/p>\n<p class=\"p3\">2026 blir Frankie Boakyes tionde \u00e5r i IFK G\u00f6teborg.<br \/>Under \u00e5ren har han fr\u00e4mst varit verksam i P19-lagets ledarstab, d\u00e4r han haft en central roll i spelarutvecklingen.<\/p>\n<p class=\"p3\">Nu tar han f\u00f6r f\u00f6rsta g\u00e5ngen steget upp i seniorverksamheten i Bl\u00e5vitt, n\u00e4r han blir assisterande tr\u00e4nare i damlaget.<\/p>\n<p class=\"p3\">\u2013 Det k\u00e4nns fantastiskt kul. Eftersom jag har varit i Bl\u00e5vitt s\u00e5 l\u00e4nge har jag haft m\u00f6jlighet att f\u00f6lja laget p\u00e5 n\u00e4ra h\u00e5ll, s\u00e5 startstr\u00e4ckan in i det h\u00e4r uppdraget blir inte s\u00e4rskilt l\u00e5ng, s\u00e4ger Frankie och forts\u00e4tter:<\/p>\n<p class=\"p3\">\u2013 Som tr\u00e4nare ligger min styrka i min nyfikenhet f\u00f6r inl\u00e4rningsmilj\u00f6er samt pedagogiskt ledarskap. Jag brinner f\u00f6r individuell utveckling, i v\u00e4lfungerande kollektiv. Jag ser v\u00e4ldigt mycket fram emot \u00e5ret som kommer.<\/p>\n<p class=\"p3\">F\u00f6r Frankie Boakye och Marcus Lantz inneb\u00e4r samarbetet dessutom en \u00e5terf\u00f6rening. Duon arbetade tillsammans \u00e4ven under tiden d\u00e5 Marcus Lantz var huvudtr\u00e4nare f\u00f6r IFK G\u00f6teborgs P19-lag.<\/p>\n<p class=\"p3\">\u2013 Det \u00e4r en v\u00e4ldigt duktig fotbollsarbetare, men framf\u00f6r allt en v\u00e4ldigt bra m\u00e4nniska som jag trivs att samarbeta med. Frankie besitter otroligt mycket kompetens och kommer att passa som handen i handsken hos oss, s\u00e4ger Marcus Lantz.<\/p>\n<p class=\"p3\">Peter Svanstr\u00f6m, sportchef A-lag Dam:<\/p>\n<p class=\"p3\">\u2013 Det \u00e4r en styrka f\u00f6r hela IFK G\u00f6teborg att kunna rekrytera fr\u00e5n de egna leden. Med Frankie p\u00e5 plats har vi en l\u00e5ngsiktig l\u00f6sning med tv\u00e5 tr\u00e4nare som visat tidigare att de fungerar v\u00e4ldigt bra tillsammans. Jag \u00e4r mycket n\u00f6jd med den h\u00e4r l\u00f6sningen och med att f\u00e5 in Frankie i ledarstaben.<\/p>\n","protected":false},"excerpt":{"rendered":"Frankie Boakye kliver in som assisterande tr\u00e4nare till Marcus Lantz i IFK G\u00f6teborgs damlag.50-\u00e5ringen har varit en del&hellip;\n","protected":false},"author":2,"featured_media":134504,"comment_status":"","ping_status":"","sticky":false,"template":"","format":"standard","meta":{"footnotes":""},"categories":[68],"tags":[34,111,110,31,33,32,30],"class_list":{"0":"post-134503","1":"post","2":"type-post","3":"status-publish","4":"format-standard","5":"has-post-thumbnail","7":"category-sport","8":"tag-se","9":"tag-sport","10":"tag-sports","11":"tag-svenska","12":"tag-sverige","13":"tag-sweden","14":"tag-swedish"},"share_on_mastodon":{"url":"https:\/\/pubeurope.com\/@se\/115888509711103593","error":""},"_links":{"self":[{"href":"https:\/\/www.europesays.com\/se\/wp-json\/wp\/v2\/posts\/134503","targetHints":{"allow":["GET"]}}],"collection":[{"href":"https:\/\/www.europesays.com\/se\/wp-json\/wp\/v2\/posts"}],"about":[{"href":"https:\/\/www.europesays.com\/se\/wp-json\/wp\/v2\/types\/post"}],"author":[{"embeddable":true,"href":"https:\/\/www.europesays.com\/se\/wp-json\/wp\/v2\/users\/2"}],"replies":[{"embeddable":true,"href":"https:\/\/www.europesays.com\/se\/wp-json\/wp\/v2\/comments?post=134503"}],"version-history":[{"count":0,"href":"https:\/\/www.europesays.com\/se\/wp-json\/wp\/v2\/posts\/134503\/revisions"}],"wp:featuredmedia":[{"embeddable":true,"href":"https:\/\/www.europesays.com\/se\/wp-json\/wp\/v2\/media\/134504"}],"wp:attachment":[{"href":"https:\/\/www.europesays.com\/se\/wp-json\/wp\/v2\/media?parent=134503"}],"wp:term":[{"taxonomy":"category","embeddable":true,"href":"https:\/\/www.europesays.com\/se\/wp-json\/wp\/v2\/categories?post=134503"},{"taxonomy":"post_tag","embeddable":true,"href":"https:\/\/www.europesays.com\/se\/wp-json\/wp\/v2\/tags?post=134503"}],"curies":[{"name":"wp","href":"https:\/\/api.w.org\/{rel}","templated":true}]}}