{"id":134507,"date":"2026-01-13T15:33:10","date_gmt":"2026-01-13T15:33:10","guid":{"rendered":"https:\/\/www.europesays.com\/se\/134507\/"},"modified":"2026-01-13T15:33:10","modified_gmt":"2026-01-13T15:33:10","slug":"avdelningschef-till-stadsplanering-och-hallbarhet-arkitekten-se","status":"publish","type":"post","link":"https:\/\/www.europesays.com\/se\/134507\/","title":{"rendered":"Avdelningschef till Stadsplanering och h\u00e5llbarhet \u2013 Arkitekten.se"},"content":{"rendered":"<p><strong>Om jobbet<\/strong><\/p>\n<p>Vill du vara med och forma n\u00e4sta kapitel f\u00f6r Malm\u00f6? Stadsbyggnadskontoret s\u00f6ker nu en avdelningschef till avdelningen f\u00f6r Stadsplanering och h\u00e5llbarhet.<\/p>\n<p><strong>Arbetsuppgifter<\/strong><\/p>\n<p>I rollen blir du en nyckelperson f\u00f6r Malm\u00f6s fortsatta utveckling. Din uppgift \u00e4r att leda och utveckla en dynamisk och kreativ verksamhet med s\u00e5v\u00e4l medarbetare som Malm\u00f6bor och omv\u00e4rld i fokus.<\/p>\n<p>Du leder, st\u00f6ttar och utvecklar b\u00e5de chefer och medarbetare inom stadsplaneringsprocessen. Det inkluderar bland annat:<\/p>\n<p>\u2022 \u00d6versiktsplanering<\/p>\n<p>\u2022 Strategiska uppdrag<\/p>\n<p>\u2022 Stadsbyggnadsprocesser<\/p>\n<p>\u2022 Utvecklingsuppdrag<\/p>\n<p>\u2022 Planprogram och detaljplaner<\/p>\n<p>H\u00e5llbarhet och l\u00e5ngsiktig kvalitet \u00e4r nyckelfr\u00e5gor i alla Malm\u00f6s stadsbyggnadsprojekt, d\u00e4rmed ett n\u00f6dv\u00e4ndigt perspektiv i ditt arbete.<\/p>\n<p>Du kommer att arbeta n\u00e4ra stadsbyggnadsdirekt\u00f6ren som ocks\u00e5 blir din n\u00e4rmaste chef. Du har en given plats i stadsbyggnadskontorets ledningsgrupp, d\u00e4r ni tillsammans driver f\u00f6rvaltningens \u00f6vergripande strategiska fr\u00e5gor.<\/p>\n<p>Din egen avdelningsledning best\u00e5r av dig och dina fem enhetschefer samt st\u00f6dfunktioner. Du ansvarar f\u00f6r avdelningens personal, ekonomi och verksamhet. Du v\u00e4rderar ledaruppdraget h\u00f6gt och arbetar tillsammans med enhetscheferna f\u00f6r att skapa b\u00e4sta m\u00f6jliga arbetsmilj\u00f6. Du f\u00f6rv\u00e4ntas arbeta aktivt f\u00f6r att skapa en god organisationskultur och effektiva arbetss\u00e4tt.<\/p>\n<p>Framtidens Malm\u00f6 utvecklas i samverkan med andra. D\u00e4rf\u00f6r inkluderar chefsuppdraget att vidareutveckla processer, arbetss\u00e4tt och samarbetsformer b\u00e5de internt inom staden och med externa akt\u00f6rer.<\/p>\n<p><strong>Kvalifikationer<\/strong><\/p>\n<p>Vi s\u00f6ker en tydlig och engagerad ledare som ser verksamhetens behov ur ett l\u00e5ngsiktigt perspektiv. Du \u00e4r strategisk, handlingskraftig, har god beslutsf\u00f6rm\u00e5ga och kan f\u00f6rmedla en tydlig riktning. Vidare besitter du f\u00f6rm\u00e5gan att prioritera och ta fram strategiska beslutsunderlag. Som ledare g\u00f6r du balanserade avv\u00e4gningar mellan verksamhetsm\u00e5l, ekonomi och arbetsmilj\u00f6. Du skapar d\u00e4rigenom f\u00f6ruts\u00e4ttningar f\u00f6r h\u00e5llbara resultat \u00f6ver tid.<\/p>\n<p>Du visar tillit till dina medarbetare och kan arbeta genom dina chefer. Det ryms m\u00e5nga fr\u00e5gor inom ditt ansvarsomr\u00e5de vilket g\u00f6r delegering avg\u00f6rande f\u00f6r framg\u00e5ng. Med ett coachande f\u00f6rh\u00e5llningss\u00e4tt utvecklar du dina chefer genom l\u00e4rande och uppf\u00f6ljning. Ditt ledarskap \u00e4r tillitsbaserat och utvecklande.<\/p>\n<p>F\u00f6r att vara aktuell f\u00f6r tj\u00e4nsten kr\u00e4vs:<\/p>\n<p>\u2022 Examen motsvarande 180 hp\/kandidatniv\u00e5 inom stadsbyggnad, stadsutveckling, arkitektur, kulturgeografi, statsvetenskap eller annan utbildning som arbetsgivaren bed\u00f6mer likv\u00e4rdig.<\/p>\n<p>\u2022 Fler\u00e5rig erfarenhet som chef med fullt verksamhets-, personal- och budgetansvar.<\/p>\n<p>\u2022 Fler\u00e5rig erfarenhet av att leda andra chefer.<\/p>\n<p>\u2022 L\u00e5ng erfarenhet av styrning och ledning samt hur detta oms\u00e4tts i praktiken.<\/p>\n<p>\u2022 God vana av att arbeta med ekonomiska ramar: budget, prognos och uppf\u00f6ljning.<\/p>\n<p>\u2022 Erfarenhet av samh\u00e4llsbyggnadsprocessen.<\/p>\n<p>\u2022 God f\u00f6rm\u00e5ga att uttrycka sig p\u00e5 svenska i tal och skrift.<\/p>\n<p>Meriterande f\u00f6r tj\u00e4nsten \u00e4r:<\/p>\n<p>\u2022 Erfarenhet av att arbeta i politiskt styrd organisation<\/p>\n<p>\u2022 Erfarenhet av att leda i komplexitet och f\u00f6r\u00e4ndring.<\/p>\n<p>\u2022 Erfarenhet av internt kulturarbete.<\/p>\n<p>\u2022 God kunskap om PBL.<\/p>\n<p><strong>Om arbetsplatsen<\/strong><\/p>\n<p>P\u00e5 Stadsplanering och h\u00e5llbarhet arbetar cirka 70 medarbetare f\u00f6rdelade p\u00e5 fem enheter. Avdelningen arbetar bland annat med \u00f6versiktsplaner, planprogram och detaljplaner men ocks\u00e5 tematiska utvecklingsfr\u00e5gor s\u00e5 som bostadsf\u00f6rs\u00f6rjningsprogram, klimatneutralt byggande och naturv\u00e5rdsfr\u00e5gor.\u00a0<\/p>\n<p>Stadsbyggnadskontoret \u00e4r en myndighet f\u00f6r plan-, bygg- och lantm\u00e4terifr\u00e5gor. F\u00f6rvaltningen arbetar med \u00f6versiktlig planering, detaljplanering, fastighetsbildning, bygglov, m\u00e4tning och kartl\u00e4ggning. Stadsbyggnadskontoret arbetar f\u00f6r Malm\u00f6borna, byggmarknadens olika akt\u00f6rer och \u00f6vriga verksamma i Malm\u00f6. Tillsammans med andra f\u00f6rvaltningar skapar v\u00e5ra 230 medarbetare f\u00f6ruts\u00e4ttningar f\u00f6r en stad som \u00e4r h\u00e5llbar och attraktiv att bo och verka i. Hos oss f\u00e5r du alla f\u00f6rm\u00e5ner av trygghet och flexibilitet man kan f\u00f6rv\u00e4nta sig av en offentlig arbetsgivare. Den allra st\u00f6rsta f\u00f6rm\u00e5nen \u00e4r att tillsammans med professionella kollegor f\u00e5 g\u00f6ra skillnad p\u00e5 riktigt f\u00f6r Malm\u00f6 och Malm\u00f6borna.<\/p>\n<p>Malm\u00f6 stads verksamheter \u00e4r organiserade i 14 f\u00f6rvaltningar. V\u00e5rt gemensamma uppdrag \u00e4r att skapa v\u00e4lf\u00e4rd och h\u00e5llbar samh\u00e4llsutveckling. Tillsammans med Malm\u00f6borna utvecklar vi en \u00e4nnu b\u00e4ttre stad att bo, verka och vara i; olikheter, livserfarenheter och talanger g\u00f6r Malm\u00f6 till en smart stad i hj\u00e4rtat av Europa. V\u00e4rldens kunskap finns h\u00e4r.<\/p>\n<p>L\u00e4s om Malm\u00f6 stad som arbetsgivare h\u00e4r malmo.se\/jobb<\/p>\n<p><strong>Information om tj\u00e4nsten<\/strong><\/p>\n<p><strong>Anst\u00e4llningsvillkor<\/strong><\/p>\n<p>Omfattning: Heltid<br \/>Varaktighet: Tillsvidare<br \/>Anst\u00e4llningsform: Tillsvidare- eller tidsbegr\u00e4nsad anst\u00e4llning<br \/>Antal tj\u00e4nster: 1<br \/>Tilltr\u00e4de: Omg\u00e5ende, enligt \u00f6verenskommelse.<\/p>\n<p><strong>Sista ans\u00f6kningsdag \u2013 1 februari<\/strong><\/p>\n<p><strong>L\u00f6n<\/strong><\/p>\n<p>L\u00f6n enligt \u00f6verenskommelse<br \/>L\u00f6netyp:\u00a0Fast m\u00e5nads- vecko- eller timl\u00f6n<\/p>\n<p><strong>Kvalifikationer<\/strong> \u2013 Arbetslivserfarenhet<\/p>\n<p>Krav<\/p>\n<ul>\n<li>Avdelningschef, kommun \u2013\u00a0<br \/>erfarenhet efterfr\u00e5gas<\/li>\n<\/ul>\n<p><strong>Kontakt<\/strong><\/p>\n<p>Marcus Horning, Stadsbyggnadsdirekt\u00f6r<br \/><a href=\"https:\/\/arkitekten.se\/platsannonser\/avdelningschef-till-stadsplanering-och-hallbarhet\/mailto:marcus.horning@malmo.se\" rel=\"nofollow noopener\" target=\"_blank\">marcus.horning@malmo.se<\/a><br \/>040-342588<\/p>\n<p>Claudia Z\u00fa\u00f1iga, SACO<br \/><a href=\"https:\/\/arkitekten.se\/platsannonser\/avdelningschef-till-stadsplanering-och-hallbarhet\/mailto:claudia.zuniga@malmo.se\" rel=\"nofollow noopener\" target=\"_blank\">claudia.zuniga@malmo.se<\/a><br \/>040-342328<\/p>\n<p>Anna Grahn Wid\u00e9n, Vision<br \/><a href=\"https:\/\/arkitekten.se\/platsannonser\/avdelningschef-till-stadsplanering-och-hallbarhet\/mailto:anna.grahnwiden@malmo.se\" rel=\"nofollow noopener\" target=\"_blank\">anna.grahnwiden@malmo.se<\/a><br \/>040-342314<\/p>\n<p><strong>\u00d6vrigt<\/strong><\/p>\n<p>Observera att vi i Malm\u00f6 stad tagit bort det personliga brevet fr\u00e5n ans\u00f6kningsprocessen och ersatt det med urvalsfr\u00e5gor, detta f\u00f6r en mer inkluderande rekryteringsprocess och en effektiv kandidatupplevelse f\u00f6r dig som s\u00f6ker jobb hos oss. Dina svar blir en viktig del i v\u00e5rt urvalsarbete.\u00a0<\/p>\n<p>Malm\u00f6 stad str\u00e4var efter att medarbetarna ska representera den m\u00e5ngfald som finns i v\u00e5r stad. Vi v\u00e4lkomnar d\u00e4rf\u00f6r s\u00f6kande som kan bidra till att vi som arbetsgivare kan uppfylla Malm\u00f6bornas behov.<\/p>\n<p><strong>V\u00e4lkommen med din ans\u00f6kan!<\/strong><\/p>\n","protected":false},"excerpt":{"rendered":"Om jobbet Vill du vara med och forma n\u00e4sta kapitel f\u00f6r Malm\u00f6? Stadsbyggnadskontoret s\u00f6ker nu en avdelningschef till&hellip;\n","protected":false},"author":2,"featured_media":134508,"comment_status":"","ping_status":"","sticky":false,"template":"","format":"standard","meta":{"footnotes":""},"categories":[65],"tags":[72,70,71,34,31,33,32,30],"class_list":{"0":"post-134507","1":"post","2":"type-post","3":"status-publish","4":"format-standard","5":"has-post-thumbnail","7":"category-ekonomi","8":"tag-business","9":"tag-economy","10":"tag-ekonomi","11":"tag-se","12":"tag-svenska","13":"tag-sverige","14":"tag-sweden","15":"tag-swedish"},"share_on_mastodon":{"url":"https:\/\/pubeurope.com\/@se\/115888521358708471","error":""},"_links":{"self":[{"href":"https:\/\/www.europesays.com\/se\/wp-json\/wp\/v2\/posts\/134507","targetHints":{"allow":["GET"]}}],"collection":[{"href":"https:\/\/www.europesays.com\/se\/wp-json\/wp\/v2\/posts"}],"about":[{"href":"https:\/\/www.europesays.com\/se\/wp-json\/wp\/v2\/types\/post"}],"author":[{"embeddable":true,"href":"https:\/\/www.europesays.com\/se\/wp-json\/wp\/v2\/users\/2"}],"replies":[{"embeddable":true,"href":"https:\/\/www.europesays.com\/se\/wp-json\/wp\/v2\/comments?post=134507"}],"version-history":[{"count":0,"href":"https:\/\/www.europesays.com\/se\/wp-json\/wp\/v2\/posts\/134507\/revisions"}],"wp:featuredmedia":[{"embeddable":true,"href":"https:\/\/www.europesays.com\/se\/wp-json\/wp\/v2\/media\/134508"}],"wp:attachment":[{"href":"https:\/\/www.europesays.com\/se\/wp-json\/wp\/v2\/media?parent=134507"}],"wp:term":[{"taxonomy":"category","embeddable":true,"href":"https:\/\/www.europesays.com\/se\/wp-json\/wp\/v2\/categories?post=134507"},{"taxonomy":"post_tag","embeddable":true,"href":"https:\/\/www.europesays.com\/se\/wp-json\/wp\/v2\/tags?post=134507"}],"curies":[{"name":"wp","href":"https:\/\/api.w.org\/{rel}","templated":true}]}}