{"id":134509,"date":"2026-01-13T15:35:16","date_gmt":"2026-01-13T15:35:16","guid":{"rendered":"https:\/\/www.europesays.com\/se\/134509\/"},"modified":"2026-01-13T15:35:16","modified_gmt":"2026-01-13T15:35:16","slug":"ungdomslager-pa-renflomarken-svensk-jakt","status":"publish","type":"post","link":"https:\/\/www.europesays.com\/se\/134509\/","title":{"rendered":"Ungdomsl\u00e4ger p\u00e5 Renflomarken | Svensk Jakt"},"content":{"rendered":"<p>            <img width=\"2560\" height=\"1152\" src=\"https:\/\/www.europesays.com\/se\/wp-content\/uploads\/2026\/01\/B-Ungdomar-11-st-1-scaled.jpg\" class=\"attachment-full size-full\" alt=\"\" decoding=\"async\" fetchpriority=\"high\"  \/><\/p>\n<p id=\"caption-attachment-243696\" class=\"wp-caption-text\">Elva ungdomar deltog i J\u00e4garef\u00f6rbundet Krokoms jaktl\u00e4ger p\u00e5 Renflomarken. I mitten en stolt Theodor Torve med sin hare. Foto: Anders Magnusson\n<\/p>\n<p data-beyondwords-marker=\"6bba0534-4583-49cd-9615-f06ea5ce0ac3\">En fredagskv\u00e4ll i b\u00f6rjan av oktober samlades elva f\u00f6rv\u00e4ntansfulla ungdomar i \u00e5ldern 13\u201317 \u00e5r f\u00f6r att inkvarteras och ladda upp inf\u00f6r helgens jakt. Kanske var vi lite i on\u00e5d hos v\u00e4dergudarna f\u00f6r under natten trummade regnet h\u00e5rt p\u00e5 taken till stugorna.<\/p>\n<p data-beyondwords-marker=\"79f36f01-0b86-43fb-a0d3-5ff341034611\">En genombl\u00f6t skog m\u00f6tte oss p\u00e5 l\u00f6rdagsmorgonen. Som om inte det r\u00e4ckte s\u00e5 tilltog \u00e4ven vinden, allt f\u00f6r att g\u00f6ra det lite extra utmanande f\u00f6r de st\u00f6vare som sl\u00e4pptes p\u00e5 morgonen. Pension\u00e4rsf\u00f6reningen Harebra stod f\u00f6r hundh\u00e5llningen och de kommer alltid med v\u00e4ldigt duktiga hundar. Tyv\u00e4rr r\u00e4ckte det inte den h\u00e4r l\u00f6rdagen. Det var st\u00f6rt om\u00f6jligt att f\u00e5 en hare p\u00e5 benen.\u00a0<\/p>\n<p data-beyondwords-marker=\"ce03a17f-73ff-4f7c-9cc4-4ba0a860e3bf\">Vi br\u00f6t jakten p\u00e5 f\u00f6rmidagen och \u00e5terv\u00e4nde till jaktcampen f\u00f6r lite lerduveskytte och en minjaktstig med kaliber .22lr. Att skjuta lerduvor i stark vind \u00e4r ocks\u00e5 en utmaning men som en av ungdomarna sa: Det blir ju mer realistiskt s\u00e5 h\u00e4r. Skyttet blev ett uppskattat inslag och ungdomarna h\u00f6ll p\u00e5 tills b\u00e5de duvor och .22lr-ammunitionen var slut.<\/p>\n<p><img loading=\"lazy\" decoding=\"async\" width=\"1148\" height=\"1702\" src=\"https:\/\/www.europesays.com\/se\/wp-content\/uploads\/2026\/01\/B-Theodor-m-haren-scaled-e1768250522797.jpg\" alt=\"\" class=\"wp-image-243695\"  \/>Theodor Torve stod r\u00e4tt placerad n\u00e4r haren gick i pass. Foto: Anders Magnusson<\/p>\n<p data-beyondwords-marker=\"58f15eda-1106-4ac5-b4c0-da428580e008\">S\u00f6ndagen bj\u00f6d p\u00e5 b\u00e4ttre v\u00e4der. Nu skulle det jagas hare. Ungdomar, hundar och hundf\u00f6rare delade upp sig begav sig ut i skogen. Efter n\u00e5gon timma kom f\u00f6rsta rapporten om att en hare var p\u00e5 benen.\u00a0<\/p>\n<p data-beyondwords-marker=\"d875a107-bfdd-4d72-a558-1097a54efffa\">N\u00e4r vi \u00e5tersamlades kunde Theodor Torve, en mycket stolt och glad ung j\u00e4gare, f\u00f6revisa den hare som han skjutit. Theodor kommer fr\u00e5n Adolfstr\u00f6m och g\u00e5r f\u00f6rsta \u00e5ret p\u00e5 Dille gymnasium med jakt- och viltv\u00e5rdsinriktning. Han var en av de skyttar som klarat l\u00f6rdagens sv\u00e5ra lerduveskytte b\u00e4st, varf\u00f6r det var lite olyckligt f\u00f6r haren att den skulle springa f\u00f6rbi just d\u00e4r Theodor stod.<\/p>\n<p data-beyondwords-marker=\"c82e8aa7-2a43-4715-a434-4825e123f3e3\" class=\"byline first\">Anders Magnusson <br \/>ungdomsansvarig <\/p>\n<p>\nMissa ingenting \u2013 f\u00e5 Svensk Jakts nyheter i din mejlbox<br \/>\nNyhetsbrevet skickas ut varje vardag.<\/p>\n","protected":false},"excerpt":{"rendered":"Elva ungdomar deltog i J\u00e4garef\u00f6rbundet Krokoms jaktl\u00e4ger p\u00e5 Renflomarken. I mitten en stolt Theodor Torve med sin hare.&hellip;\n","protected":false},"author":2,"featured_media":134510,"comment_status":"","ping_status":"","sticky":false,"template":"","format":"standard","meta":{"footnotes":""},"categories":[12],"tags":[22,23,26,27,17,21,24,25,28,29,15,16,18,34,31,33,32,30,19,20],"class_list":{"0":"post-134509","1":"post","2":"type-post","3":"status-publish","4":"format-standard","5":"has-post-thumbnail","7":"category-sverige","8":"tag-breaking-news","9":"tag-breakingnews","10":"tag-featured-news","11":"tag-featurednews","12":"tag-headlines","13":"tag-huvudnyheter","14":"tag-latest-news","15":"tag-latestnews","16":"tag-main-news","17":"tag-mainnews","18":"tag-news","19":"tag-nyheter","20":"tag-rubriker","21":"tag-se","22":"tag-svenska","23":"tag-sverige","24":"tag-sweden","25":"tag-swedish","26":"tag-top-stories","27":"tag-topstories"},"share_on_mastodon":{"url":"https:\/\/pubeurope.com\/@se\/115888529366239310","error":""},"_links":{"self":[{"href":"https:\/\/www.europesays.com\/se\/wp-json\/wp\/v2\/posts\/134509","targetHints":{"allow":["GET"]}}],"collection":[{"href":"https:\/\/www.europesays.com\/se\/wp-json\/wp\/v2\/posts"}],"about":[{"href":"https:\/\/www.europesays.com\/se\/wp-json\/wp\/v2\/types\/post"}],"author":[{"embeddable":true,"href":"https:\/\/www.europesays.com\/se\/wp-json\/wp\/v2\/users\/2"}],"replies":[{"embeddable":true,"href":"https:\/\/www.europesays.com\/se\/wp-json\/wp\/v2\/comments?post=134509"}],"version-history":[{"count":0,"href":"https:\/\/www.europesays.com\/se\/wp-json\/wp\/v2\/posts\/134509\/revisions"}],"wp:featuredmedia":[{"embeddable":true,"href":"https:\/\/www.europesays.com\/se\/wp-json\/wp\/v2\/media\/134510"}],"wp:attachment":[{"href":"https:\/\/www.europesays.com\/se\/wp-json\/wp\/v2\/media?parent=134509"}],"wp:term":[{"taxonomy":"category","embeddable":true,"href":"https:\/\/www.europesays.com\/se\/wp-json\/wp\/v2\/categories?post=134509"},{"taxonomy":"post_tag","embeddable":true,"href":"https:\/\/www.europesays.com\/se\/wp-json\/wp\/v2\/tags?post=134509"}],"curies":[{"name":"wp","href":"https:\/\/api.w.org\/{rel}","templated":true}]}}