{"id":134511,"date":"2026-01-13T15:36:14","date_gmt":"2026-01-13T15:36:14","guid":{"rendered":"https:\/\/www.europesays.com\/se\/134511\/"},"modified":"2026-01-13T15:36:14","modified_gmt":"2026-01-13T15:36:14","slug":"marmorstein-handlar-inte-om-jattemycket-pengar-senaste-nytt-om-folk-och-forsvar-2026-svt-nyheter","status":"publish","type":"post","link":"https:\/\/www.europesays.com\/se\/134511\/","title":{"rendered":"Marmorstein: \u201dHandlar inte om j\u00e4ttemycket pengar\u201d \u2013 Senaste nytt om Folk och f\u00f6rsvar 2026 &#8211; SVT Nyheter"},"content":{"rendered":"<ol>\n<li><a href=\"https:\/\/news.google.com\/rss\/articles\/CBMisgFBVV95cUxOcVlzRV9XTDdRQzM2WjIzYlNTYU9hSGtrLWhSeTM0UXRyOU42VFlBcUhFQ2dsNkQzZ25lYnhuVG1mcFRKNktvY3pDaE52SDU0ZGVQc3hfU2xUZGtqNWFJRzVOOWs0Sk1LeEQwQk9ENGVFM25ZUzl4cXoyRjNiSWY0U1JHQVg1Y1I0dkZVQ2JYREV6VlZFeDNVd2ZBSVVrZTB1SjE0RV8weXpvMHVKZF9FRXZn?oc=5\" target=\"_blank\" rel=\"nofollow noopener\">Marmorstein: \u201dHandlar inte om j\u00e4ttemycket pengar\u201d \u2013 Senaste nytt om Folk och f\u00f6rsvar 2026<\/a>&nbsp;&nbsp;SVT Nyheter<\/li>\n<li><a href=\"https:\/\/news.google.com\/rss\/articles\/CBMisgFBVV95cUxPMnRUN3FPNllRQUxMVkxkVmd3NzhFZzFzN0VyYWtQc0Y3MzY4YXBqbktteFJWNmxUMExSdTFweVE2cExWak1SWmlVOXd0SFBaaFRScDN4SVJkVHlsS0JJeU1BOElpa25wUkcwWUs2VVd4RmdpZ2Y3bUhHbVUyNlZKQmV2R0RCQjliZFR4SUlSZDJOZXhKRUF3eTU1QnJQRXRMYUJ3d01QMjV4WlVJVGJQbTVn?oc=5\" target=\"_blank\" rel=\"nofollow noopener\">SVT erfar: F\u00f6rsvarsmakten ges i uppdrag att k\u00f6pa in \u201dkamikazedr\u00f6nare\u201d \u2013 Senaste nytt om Folk och f\u00f6rsvar 2026<\/a>&nbsp;&nbsp;SVT Nyheter<\/li>\n<li><a href=\"https:\/\/news.google.com\/rss\/articles\/CBMiggFBVV95cUxOelNxeDB0bFdRMFp6TEkzSlBRVG9rLVRpWWw1SGY3WVd3Tm91MEFvVnp0TXIyUGFRVG54UGZLaDhQemlmVEVZYXQwbzctR3BIeHpVVlFGZEpnXzlvZzhtNWQtbzNMbjlvQmdNNTRGeDZONlRBZzFQRF9SZ0g0NTFyOWtR?oc=5\" target=\"_blank\" rel=\"nofollow noopener\">Miljardsatsning ska ge f\u00f6rsvaret kamikazedr\u00f6nare<\/a>&nbsp;&nbsp;Aftonbladet<\/li>\n<li><a href=\"https:\/\/news.google.com\/rss\/articles\/CBMiqAFBVV95cUxOVGE0bHNLUC1iMmFsSGcwUmxfNG5fLV9zR3F1SE90VHFSMGhpSkd3bGxYR2MwcU5LQ25tU0lRNFBoelVtVVozdnlPNG1CLTFXam5mOVBVZzdiMGx1RmQ2MnpXT29oVUdpb3lIV0N1SmFwdnlmckI1bkhOTVRfOUN4MW9zbHZ6Z3hiclVyUk5KMHFrWTFNbV9KWVBpenJtekdtZkEtS01Kdm0?oc=5\" target=\"_blank\" rel=\"nofollow noopener\">Sweden continues defence build-up with large order for attack drones<\/a>&nbsp;&nbsp;Sveriges Radio<\/li>\n<li><a href=\"https:\/\/news.google.com\/rss\/articles\/CBMiakFVX3lxTFB5RjNaaVljUE1lbEtXUUl5bmFGVDNUdzRPR0hiZGxLa2F6ZnYxVHM1RGhJRUs1UzRKaHBRclN2cDBnOWhKRTFaX0wybERzS1NqaThpcEJBeEVudWVEZ3J2RnZYRHB4eG9DcUE?oc=5\" target=\"_blank\" rel=\"nofollow noopener\">F\u00f6rsvaret ska f\u00e5 kamikazedr\u00f6nare<\/a>&nbsp;&nbsp;SvD<\/li>\n<\/ol>\n","protected":false},"excerpt":{"rendered":"Marmorstein: \u201dHandlar inte om j\u00e4ttemycket pengar\u201d \u2013 Senaste nytt om Folk och f\u00f6rsvar 2026&nbsp;&nbsp;SVT Nyheter SVT erfar: F\u00f6rsvarsmakten&hellip;\n","protected":false},"author":2,"featured_media":134512,"comment_status":"","ping_status":"","sticky":false,"template":"","format":"standard","meta":{"footnotes":""},"categories":[5],"tags":[22,23,26,27,17,21,24,25,28,29,15,16,18,34,31,33,32,30,19,20],"class_list":{"0":"post-134511","1":"post","2":"type-post","3":"status-publish","4":"format-standard","5":"has-post-thumbnail","7":"category-rubriker","8":"tag-breaking-news","9":"tag-breakingnews","10":"tag-featured-news","11":"tag-featurednews","12":"tag-headlines","13":"tag-huvudnyheter","14":"tag-latest-news","15":"tag-latestnews","16":"tag-main-news","17":"tag-mainnews","18":"tag-news","19":"tag-nyheter","20":"tag-rubriker","21":"tag-se","22":"tag-svenska","23":"tag-sverige","24":"tag-sweden","25":"tag-swedish","26":"tag-top-stories","27":"tag-topstories"},"share_on_mastodon":{"url":"https:\/\/pubeurope.com\/@se\/115888533210879475","error":""},"_links":{"self":[{"href":"https:\/\/www.europesays.com\/se\/wp-json\/wp\/v2\/posts\/134511","targetHints":{"allow":["GET"]}}],"collection":[{"href":"https:\/\/www.europesays.com\/se\/wp-json\/wp\/v2\/posts"}],"about":[{"href":"https:\/\/www.europesays.com\/se\/wp-json\/wp\/v2\/types\/post"}],"author":[{"embeddable":true,"href":"https:\/\/www.europesays.com\/se\/wp-json\/wp\/v2\/users\/2"}],"replies":[{"embeddable":true,"href":"https:\/\/www.europesays.com\/se\/wp-json\/wp\/v2\/comments?post=134511"}],"version-history":[{"count":0,"href":"https:\/\/www.europesays.com\/se\/wp-json\/wp\/v2\/posts\/134511\/revisions"}],"wp:featuredmedia":[{"embeddable":true,"href":"https:\/\/www.europesays.com\/se\/wp-json\/wp\/v2\/media\/134512"}],"wp:attachment":[{"href":"https:\/\/www.europesays.com\/se\/wp-json\/wp\/v2\/media?parent=134511"}],"wp:term":[{"taxonomy":"category","embeddable":true,"href":"https:\/\/www.europesays.com\/se\/wp-json\/wp\/v2\/categories?post=134511"},{"taxonomy":"post_tag","embeddable":true,"href":"https:\/\/www.europesays.com\/se\/wp-json\/wp\/v2\/tags?post=134511"}],"curies":[{"name":"wp","href":"https:\/\/api.w.org\/{rel}","templated":true}]}}