{"id":134515,"date":"2026-01-13T15:38:11","date_gmt":"2026-01-13T15:38:11","guid":{"rendered":"https:\/\/www.europesays.com\/se\/134515\/"},"modified":"2026-01-13T15:38:11","modified_gmt":"2026-01-13T15:38:11","slug":"skidskytte-johanna-skottheim-uttagen-till-stafetten-kan-sakra-os-biljett","status":"publish","type":"post","link":"https:\/\/www.europesays.com\/se\/134515\/","title":{"rendered":"Skidskytte: Johanna Skottheim uttagen till stafetten \u2013 kan s\u00e4kra OS-biljett"},"content":{"rendered":"<p>SE MER: Skottheim ber\u00e4ttar om tankarna p\u00e5 OS i videon.<\/p>\n<p>Johanna Skottheim, Linn Gestblom, Hanna \u00d6berg och Elvira \u00d6berg f\u00e5r chansen i morgondagens stafett i Ruhpolding. <\/p>\n<p>F\u00f6r Skottheim kan det vara avg\u00f6rande f\u00f6r att s\u00e4kra en OS-biljett. <\/p>\n<p>31-\u00e5ringen har haft en s\u00e4song pr\u00e4glad av sjukdom bakom sig. Stafetten i Ruhpolding blir den f\u00f6rsta v\u00e4rldscupt\u00e4vlingen sedan helgen i \u00d6stersund i b\u00f6rjan av december. <\/p>\n<p>\u2013 Den st\u00f6rsta frustrationen \u00e4r att jag har haft en s\u00e5 himla bra sommar och h\u00f6st och d\u00e5 var k\u00e4nslan att jag var b\u00e4ttre \u00e4n n\u00e5gonsin. Men sedan blir det sm\u00e5 hinder. Grundformen har varit riktigt bra men b\u00f6rjan av s\u00e4songen har varit st\u00f6kig. <\/p>\n<p>Inte heller Linn Gestblom har \u00e4nnu s\u00e4krat sin plats i OS-truppen. <\/p>\n<p>\u2013 Jag t\u00e4nker p\u00e5 det lite grann men samtidigt kan man inte p\u00e5verka s\u00e5 mycket. Man f\u00e5r f\u00f6rs\u00f6ka g\u00f6ra ett s\u00e5 bra race som m\u00f6jligt och ser hur l\u00e5ngt det r\u00e4cker. <\/p>\n<p>K\u00e4nner du n\u00e5gon press?<\/p>\n<p>\u2013 Ja press k\u00e4nner jag varje \u00e5r, s\u00e5 det \u00e4r inget nytt. Men det \u00e4r en press man sj\u00e4lv valt att s\u00e4tta mig i. <\/p>\n","protected":false},"excerpt":{"rendered":"SE MER: Skottheim ber\u00e4ttar om tankarna p\u00e5 OS i videon. Johanna Skottheim, Linn Gestblom, Hanna \u00d6berg och Elvira&hellip;\n","protected":false},"author":2,"featured_media":134516,"comment_status":"","ping_status":"","sticky":false,"template":"","format":"standard","meta":{"footnotes":""},"categories":[68],"tags":[34,111,110,31,33,32,30],"class_list":{"0":"post-134515","1":"post","2":"type-post","3":"status-publish","4":"format-standard","5":"has-post-thumbnail","7":"category-sport","8":"tag-se","9":"tag-sport","10":"tag-sports","11":"tag-svenska","12":"tag-sverige","13":"tag-sweden","14":"tag-swedish"},"share_on_mastodon":{"url":"https:\/\/pubeurope.com\/@se\/115888541103449142","error":""},"_links":{"self":[{"href":"https:\/\/www.europesays.com\/se\/wp-json\/wp\/v2\/posts\/134515","targetHints":{"allow":["GET"]}}],"collection":[{"href":"https:\/\/www.europesays.com\/se\/wp-json\/wp\/v2\/posts"}],"about":[{"href":"https:\/\/www.europesays.com\/se\/wp-json\/wp\/v2\/types\/post"}],"author":[{"embeddable":true,"href":"https:\/\/www.europesays.com\/se\/wp-json\/wp\/v2\/users\/2"}],"replies":[{"embeddable":true,"href":"https:\/\/www.europesays.com\/se\/wp-json\/wp\/v2\/comments?post=134515"}],"version-history":[{"count":0,"href":"https:\/\/www.europesays.com\/se\/wp-json\/wp\/v2\/posts\/134515\/revisions"}],"wp:featuredmedia":[{"embeddable":true,"href":"https:\/\/www.europesays.com\/se\/wp-json\/wp\/v2\/media\/134516"}],"wp:attachment":[{"href":"https:\/\/www.europesays.com\/se\/wp-json\/wp\/v2\/media?parent=134515"}],"wp:term":[{"taxonomy":"category","embeddable":true,"href":"https:\/\/www.europesays.com\/se\/wp-json\/wp\/v2\/categories?post=134515"},{"taxonomy":"post_tag","embeddable":true,"href":"https:\/\/www.europesays.com\/se\/wp-json\/wp\/v2\/tags?post=134515"}],"curies":[{"name":"wp","href":"https:\/\/api.w.org\/{rel}","templated":true}]}}