{"id":134519,"date":"2026-01-13T15:40:07","date_gmt":"2026-01-13T15:40:07","guid":{"rendered":"https:\/\/www.europesays.com\/se\/134519\/"},"modified":"2026-01-13T15:40:07","modified_gmt":"2026-01-13T15:40:07","slug":"microsoft-filar-pa-fixar-for-utforskaren-och-startmenyn","status":"publish","type":"post","link":"https:\/\/www.europesays.com\/se\/134519\/","title":{"rendered":"Microsoft filar p\u00e5 fixar f\u00f6r utforskaren och startmenyn"},"content":{"rendered":"<p>\u00c4nda sedan juli 2025 har anv\u00e4ndare rapporterat om diverse fel i Windows 11, n\u00e5got som bland annat p\u00e5verkar utforskaren, startmenyn, aktivitetsf\u00e4ltet, s\u00f6kfunktionen och systeminst\u00e4llningarna.<\/p>\n<p>I ett uppdaterat <a href=\"https:\/\/idg.digidip.net\/visit?url=https:\/\/support.microsoft.com\/en-us\/topic\/kb5072911-explorer-the-start-menu-and-other-xaml-dependent-apps-might-not-start-or-close-unexpectedly-on-some-enterprise-devices-d2d30684-4e2b-47f5-9899-a00a8e0acb09&amp;currurl=https:\/\/www.pcforalla.se\/article\/3031193\/microsoft-filar-pa-fixar-for-utforskaren-och-startmenyn.html&amp;ref=8-1-3031193-1-0-0-0-0\" data-type=\"link\" data-id=\"https:\/\/support.microsoft.com\/en-us\/topic\/kb5072911-explorer-the-start-menu-and-other-xaml-dependent-apps-might-not-start-or-close-unexpectedly-on-some-enterprise-devices-d2d30684-4e2b-47f5-9899-a00a8e0acb09\" rel=\"nofollow noopener\" data-subtag=\"8-1-3031193-1-0-0-0-0\" data-domain-name=\"microsoft\" target=\"_blank\">supportdokument<\/a> s\u00e4ger Microsoft att felen beror p\u00e5 saknade paket i version 24H2 och 25H2 av Windows 11 och att man filar p\u00e5 en uppdatering som ska \u00e5tg\u00e4rda problemen.<\/p>\n<p>Fram till dess rekommenderas it-administrat\u00f6rer att p\u00e5 egen hand l\u00e4gga till de saknade paketen med hj\u00e4lp av instruktionerna i supportdokumentet.<\/p>\n<p><a href=\"https:\/\/idg.digidip.net\/visit?url=https:\/\/www.neowin.net\/news\/microsoft-updates-fix-for-broken-windows-11-25h2-24h2-crucial-ui-components\/&amp;currurl=https:\/\/www.pcforalla.se\/article\/3031193\/microsoft-filar-pa-fixar-for-utforskaren-och-startmenyn.html&amp;ref=8-1-3031193-1-0-0-0-0\" data-type=\"link\" data-id=\"https:\/\/www.neowin.net\/news\/microsoft-updates-fix-for-broken-windows-11-25h2-24h2-crucial-ui-components\/\" rel=\"nofollow noopener\" data-subtag=\"8-1-3031193-1-0-0-0-0\" data-domain-name=\"neowin\" target=\"_blank\">Neowin<\/a> uppm\u00e4rksammar att de ursprungliga instruktionerna var felaktiga, men detta ska nu ha \u00e5tg\u00e4rdats.<\/p>\n","protected":false},"excerpt":{"rendered":"\u00c4nda sedan juli 2025 har anv\u00e4ndare rapporterat om diverse fel i Windows 11, n\u00e5got som bland annat p\u00e5verkar&hellip;\n","protected":false},"author":2,"featured_media":134520,"comment_status":"","ping_status":"","sticky":false,"template":"","format":"standard","meta":{"footnotes":""},"categories":[66],"tags":[80,78,79,34,31,33,32,30,81,84,83,82],"class_list":{"0":"post-134519","1":"post","2":"type-post","3":"status-publish","4":"format-standard","5":"has-post-thumbnail","7":"category-vetenskap-och-teknik","8":"tag-science","9":"tag-science-and-technology","10":"tag-scienceandtechnology","11":"tag-se","12":"tag-svenska","13":"tag-sverige","14":"tag-sweden","15":"tag-swedish","16":"tag-technology","17":"tag-teknik","18":"tag-vetenskap","19":"tag-vetenskapteknik"},"share_on_mastodon":{"url":"https:\/\/pubeurope.com\/@se\/115888549116041472","error":""},"_links":{"self":[{"href":"https:\/\/www.europesays.com\/se\/wp-json\/wp\/v2\/posts\/134519","targetHints":{"allow":["GET"]}}],"collection":[{"href":"https:\/\/www.europesays.com\/se\/wp-json\/wp\/v2\/posts"}],"about":[{"href":"https:\/\/www.europesays.com\/se\/wp-json\/wp\/v2\/types\/post"}],"author":[{"embeddable":true,"href":"https:\/\/www.europesays.com\/se\/wp-json\/wp\/v2\/users\/2"}],"replies":[{"embeddable":true,"href":"https:\/\/www.europesays.com\/se\/wp-json\/wp\/v2\/comments?post=134519"}],"version-history":[{"count":0,"href":"https:\/\/www.europesays.com\/se\/wp-json\/wp\/v2\/posts\/134519\/revisions"}],"wp:featuredmedia":[{"embeddable":true,"href":"https:\/\/www.europesays.com\/se\/wp-json\/wp\/v2\/media\/134520"}],"wp:attachment":[{"href":"https:\/\/www.europesays.com\/se\/wp-json\/wp\/v2\/media?parent=134519"}],"wp:term":[{"taxonomy":"category","embeddable":true,"href":"https:\/\/www.europesays.com\/se\/wp-json\/wp\/v2\/categories?post=134519"},{"taxonomy":"post_tag","embeddable":true,"href":"https:\/\/www.europesays.com\/se\/wp-json\/wp\/v2\/tags?post=134519"}],"curies":[{"name":"wp","href":"https:\/\/api.w.org\/{rel}","templated":true}]}}