{"id":134525,"date":"2026-01-13T15:46:11","date_gmt":"2026-01-13T15:46:11","guid":{"rendered":"https:\/\/www.europesays.com\/se\/134525\/"},"modified":"2026-01-13T15:46:11","modified_gmt":"2026-01-13T15:46:11","slug":"lulea-utan-klubbor-maste-kanske-kopa-nya-2","status":"publish","type":"post","link":"https:\/\/www.europesays.com\/se\/134525\/","title":{"rendered":"Lule\u00e5 utan klubbor \u2013 m\u00e5ste kanske k\u00f6pa nya"},"content":{"rendered":"<p>share-arrowDela<\/p>\n<p>unsaveSpara<\/p>\n<p>expand-left<\/p>\n<p>helsk\u00e4rm<img decoding=\"async\" class=\"image-asset hyperion-css-u06ts1\" data-test-tag=\"image-asset\" src=\"https:\/\/www.europesays.com\/se\/wp-content\/uploads\/2026\/01\/1a8be864-779a-4536-b304-2b84d9274ebe.jpeg\"  alt=\"Lule\u00e5s avbytarb\u00e5s under en SHL-match i december.\"  loading=\"eager\" fetchpriority=\"high\" style=\"aspect-ratio:1900 \/ 1267\"\/>Lule\u00e5s avbytarb\u00e5s under en SHL-match i december. Foto: Fredrik Sandberg\/TT<\/p>\n<p class=\"hyperion-css-1shl3oz\" data-test-tag=\"lead-text\">Lule\u00e5s hockeyklubbor saknas inf\u00f6r kv\u00e4llens CHL-semifinal mot schweiziska Zug. Det kan st\u00e5 SHL-klubben dyrt.<\/p>\n<p class=\"hyperion-css-1v9qo5x\">\u2013 Spelarnas klubbor kom inte med planet, utan de blev kvar i K\u00f6penhamn. Och kommer de inte till r\u00e4tta i tid m\u00e5ste vi k\u00f6pa nya, s\u00e4ger vice sportchefen Ulf Engman till Norrbottens-Kuriren.<\/p>\n<p class=\"hyperion-css-1v9qo5x\">\u2013 Det skulle f\u00f6rmodligen g\u00e5 p\u00e5 150\u00a0000 till 200\u00a0000 kronor. Killarna kan ju inte ha en klubba var.<\/p>\n<p class=\"hyperion-css-1v9qo5x\">Lule\u00e5 fick l\u00e5na klubbor av motst\u00e5ndaren Zug p\u00e5 m\u00e5ndagen.<\/p>\n<p class=\"hyperion-css-1v9qo5x\">\u2013 Det var schysst av dem. Om de inte gjort det hade vi inte kunnat tr\u00e4na, s\u00e4ger Engman.<\/p>\n<p class=\"hyperion-css-1v9qo5x\">P\u00e5 tisdagseftermiddagen saknades fortfarande klubborna.<\/p>\n<p class=\"hyperion-css-1v9qo5x\">\u2013 Det \u00e4r bara att hoppas att klubborna kommer fram i tid till matchen.<\/p>\n<p class=\"hyperion-css-1v9qo5x\">Returm\u00f6tet i Lule\u00e5 spelas n\u00e4sta tisdag.<\/p>\n","protected":false},"excerpt":{"rendered":"share-arrowDela unsaveSpara expand-left helsk\u00e4rmLule\u00e5s avbytarb\u00e5s under en SHL-match i december. Foto: Fredrik Sandberg\/TT Lule\u00e5s hockeyklubbor saknas inf\u00f6r kv\u00e4llens&hellip;\n","protected":false},"author":2,"featured_media":134526,"comment_status":"","ping_status":"","sticky":false,"template":"","format":"standard","meta":{"footnotes":""},"categories":[68],"tags":[34,111,110,31,33,32,30],"class_list":{"0":"post-134525","1":"post","2":"type-post","3":"status-publish","4":"format-standard","5":"has-post-thumbnail","7":"category-sport","8":"tag-se","9":"tag-sport","10":"tag-sports","11":"tag-svenska","12":"tag-sverige","13":"tag-sweden","14":"tag-swedish"},"share_on_mastodon":{"url":"https:\/\/pubeurope.com\/@se\/115888572610217463","error":""},"_links":{"self":[{"href":"https:\/\/www.europesays.com\/se\/wp-json\/wp\/v2\/posts\/134525","targetHints":{"allow":["GET"]}}],"collection":[{"href":"https:\/\/www.europesays.com\/se\/wp-json\/wp\/v2\/posts"}],"about":[{"href":"https:\/\/www.europesays.com\/se\/wp-json\/wp\/v2\/types\/post"}],"author":[{"embeddable":true,"href":"https:\/\/www.europesays.com\/se\/wp-json\/wp\/v2\/users\/2"}],"replies":[{"embeddable":true,"href":"https:\/\/www.europesays.com\/se\/wp-json\/wp\/v2\/comments?post=134525"}],"version-history":[{"count":0,"href":"https:\/\/www.europesays.com\/se\/wp-json\/wp\/v2\/posts\/134525\/revisions"}],"wp:featuredmedia":[{"embeddable":true,"href":"https:\/\/www.europesays.com\/se\/wp-json\/wp\/v2\/media\/134526"}],"wp:attachment":[{"href":"https:\/\/www.europesays.com\/se\/wp-json\/wp\/v2\/media?parent=134525"}],"wp:term":[{"taxonomy":"category","embeddable":true,"href":"https:\/\/www.europesays.com\/se\/wp-json\/wp\/v2\/categories?post=134525"},{"taxonomy":"post_tag","embeddable":true,"href":"https:\/\/www.europesays.com\/se\/wp-json\/wp\/v2\/tags?post=134525"}],"curies":[{"name":"wp","href":"https:\/\/api.w.org\/{rel}","templated":true}]}}