{"id":134543,"date":"2026-01-13T15:59:21","date_gmt":"2026-01-13T15:59:21","guid":{"rendered":"https:\/\/www.europesays.com\/se\/134543\/"},"modified":"2026-01-13T15:59:21","modified_gmt":"2026-01-13T15:59:21","slug":"ingen-licensjakt-pa-lodjur-i-norrbotten-2026","status":"publish","type":"post","link":"https:\/\/www.europesays.com\/se\/134543\/","title":{"rendered":"Ingen licensjakt p\u00e5 lodjur i Norrbotten 2026"},"content":{"rendered":"<p class=\"normal\">&#8211; Vi ser inte n\u00e5gra tecken p\u00e5 att lodjursstammen \u00e5terh\u00e4mtat sig tillr\u00e4ckligt i antal eller utbredning f\u00f6r att kunna besluta om en licensjakt under 2026, s\u00e4ger Anna Danell Savela, rovdjurshandl\u00e4ggare vid L\u00e4nsstyrelsen i Norrbotten.<\/p>\n<p>En minskad stam ger sm\u00e5 marginaler<\/p>\n<p class=\"normal\">\u00c5r 2020 s\u00e4nkte L\u00e4nsstyrelsens Viltf\u00f6rvaltningsdelegation f\u00f6rvaltningsm\u00e5let fr\u00e5n tidigare 32 till 23 lodjursf\u00f6ryngringar. Under s\u00e4songen 2024\/2025 noterades 21 f\u00f6ryngringar i l\u00e4net. Det \u00e4r \u00f6ver miniminiv\u00e5n p\u00e5 17, men fortfarande under det fastst\u00e4llda f\u00f6rvaltningsm\u00e5let p\u00e5 23 f\u00f6ryngringar.<\/p>\n<p class=\"normal\">Den minskade stammen g\u00f6r att endast ett mycket litet uttag \u00e4r m\u00f6jligt i l\u00e4net f\u00f6r att stammen inte ska minska ytterligare. Ett s\u00e5dant uttag b\u00f6r i f\u00f6rsta hand anv\u00e4ndas f\u00f6r s\u00e4rskilda behov, exempelvis skyddsjakt p\u00e5 lodjur som orsakar skador inom renn\u00e4ringen.<\/p>\n<p class=\"normal\">Senast det genomf\u00f6rdes licensjakt p\u00e5 lodjur i Norrbotten var 2018, d\u00e5 inventeringen visade 27,5 f\u00f6ryngringar.<\/p>\n<p>F\u00f6rvaltningsm\u00e5l i Norrbottens l\u00e4n<\/p>\n<p class=\"normal\">&#8211; V\u00e5r f\u00f6rhoppning \u00e4r att stammen ska stabilisera sig b\u00e5de i antal och utbredning. D\u00e5 kan vi \u00e5terg\u00e5 till en \u00e5terkommande licensjakt som reglerar stammen och minskar skadorna f\u00f6r renn\u00e4ringen, s\u00e4ger Anna Danell Savela.<\/p>\n<p class=\"normal\">\u00c5rets lodjursinventering p\u00e5g\u00e5r fram till den 28 februari.<\/p>\n","protected":false},"excerpt":{"rendered":"&#8211; Vi ser inte n\u00e5gra tecken p\u00e5 att lodjursstammen \u00e5terh\u00e4mtat sig tillr\u00e4ckligt i antal eller utbredning f\u00f6r att&hellip;\n","protected":false},"author":2,"featured_media":134544,"comment_status":"","ping_status":"","sticky":false,"template":"","format":"standard","meta":{"footnotes":""},"categories":[12],"tags":[22,23,26,27,17,21,24,25,28,29,15,16,18,34,31,33,32,30,19,20],"class_list":{"0":"post-134543","1":"post","2":"type-post","3":"status-publish","4":"format-standard","5":"has-post-thumbnail","7":"category-sverige","8":"tag-breaking-news","9":"tag-breakingnews","10":"tag-featured-news","11":"tag-featurednews","12":"tag-headlines","13":"tag-huvudnyheter","14":"tag-latest-news","15":"tag-latestnews","16":"tag-main-news","17":"tag-mainnews","18":"tag-news","19":"tag-nyheter","20":"tag-rubriker","21":"tag-se","22":"tag-svenska","23":"tag-sverige","24":"tag-sweden","25":"tag-swedish","26":"tag-top-stories","27":"tag-topstories"},"share_on_mastodon":{"url":"https:\/\/pubeurope.com\/@se\/115888623693912908","error":""},"_links":{"self":[{"href":"https:\/\/www.europesays.com\/se\/wp-json\/wp\/v2\/posts\/134543","targetHints":{"allow":["GET"]}}],"collection":[{"href":"https:\/\/www.europesays.com\/se\/wp-json\/wp\/v2\/posts"}],"about":[{"href":"https:\/\/www.europesays.com\/se\/wp-json\/wp\/v2\/types\/post"}],"author":[{"embeddable":true,"href":"https:\/\/www.europesays.com\/se\/wp-json\/wp\/v2\/users\/2"}],"replies":[{"embeddable":true,"href":"https:\/\/www.europesays.com\/se\/wp-json\/wp\/v2\/comments?post=134543"}],"version-history":[{"count":0,"href":"https:\/\/www.europesays.com\/se\/wp-json\/wp\/v2\/posts\/134543\/revisions"}],"wp:featuredmedia":[{"embeddable":true,"href":"https:\/\/www.europesays.com\/se\/wp-json\/wp\/v2\/media\/134544"}],"wp:attachment":[{"href":"https:\/\/www.europesays.com\/se\/wp-json\/wp\/v2\/media?parent=134543"}],"wp:term":[{"taxonomy":"category","embeddable":true,"href":"https:\/\/www.europesays.com\/se\/wp-json\/wp\/v2\/categories?post=134543"},{"taxonomy":"post_tag","embeddable":true,"href":"https:\/\/www.europesays.com\/se\/wp-json\/wp\/v2\/tags?post=134543"}],"curies":[{"name":"wp","href":"https:\/\/api.w.org\/{rel}","templated":true}]}}