{"id":134545,"date":"2026-01-13T16:00:10","date_gmt":"2026-01-13T16:00:10","guid":{"rendered":"https:\/\/www.europesays.com\/se\/134545\/"},"modified":"2026-01-13T16:00:10","modified_gmt":"2026-01-13T16:00:10","slug":"pavle-vagic-lamnar-hammarby-hammarby-fotboll","status":"publish","type":"post","link":"https:\/\/www.europesays.com\/se\/134545\/","title":{"rendered":"Pavle Vagi\u0107 l\u00e4mnar Hammarby &#8211; Hammarby Fotboll"},"content":{"rendered":"<ol>\n<li><a href=\"https:\/\/news.google.com\/rss\/articles\/CBMidkFVX3lxTE9kbFJTZHhGVTNSMzBkMzNfNU45Slk5c25VVEIybHRqVVdkeFk0d3d4NkJuVEZ2VVl0bGdWUDF1aENqWVBSdkhPM3I1TkhwUWcyTDBmNnJrTzliOGRIX0w2Zkt1UVJnZ2t2bU1LRHdYMF9JQ010UlE?oc=5\" target=\"_blank\" rel=\"nofollow noopener\">Pavle Vagi\u0107 l\u00e4mnar Hammarby<\/a>&nbsp;&nbsp;Hammarby Fotboll<\/li>\n<li><a href=\"https:\/\/news.google.com\/rss\/articles\/CBMiiwFBVV95cUxPdVVETTRzT0JCckdvOS1DaTlzb0NkU1d0UDlFMklOMjVqdG5GZnRPYjFlRmRuN3VRbWFLLThpMGZVUzM5MnFmdWdFNldkaDZEd2JtYzRBMDZWRDJLYXNpYS1oM2VGWFFPSXFoQ1NfUXZ5dGpiVjlLLV9ZMW1Xa1NuSU51XzF2dUdDMWw4?oc=5\" target=\"_blank\" rel=\"nofollow noopener\">Bekr\u00e4ftat: Hammarby s\u00e4ljer Vagic<\/a>&nbsp;&nbsp;Fotbollskanalen<\/li>\n<li><a href=\"https:\/\/news.google.com\/rss\/articles\/CBMigAFBVV95cUxPSkpFUGdpZ2FLTHZKUTNkc2lPdHlYX0FnQ0J5dmY1SGIydmYzNjdRazFub0pHcWNBbThSLVcwMUlBNHZIblVPLU5rWWxIM0k1R3VJdl93S1hvNjJ4WmJKak9heWxzZC00bTJjdEVEMXZRcjdDdUJUaU1CX2Y1eHM5Rw?oc=5\" target=\"_blank\" rel=\"nofollow noopener\">Pavle Vagic bes\u00f6ker utl\u00e4ndsk klubb<\/a>&nbsp;&nbsp;Hammarby Fotboll<\/li>\n<li><a href=\"https:\/\/news.google.com\/rss\/articles\/CBMipAFBVV95cUxQWWlYalpKMGVtZ1hLVmlZRV94TFhScHdpUFVMNW43Q3hGZ0tEaC1sSEpqWWxFT2lLTEcxcGZEWGI5LWlMcERlUnFKd3JxLUxLdm1XdnFzOExwc3pkaWswcm1WemFsZ1ZTaG1YUmxGUm5INHNrZmk2U3FVLXkwQjJDRVdXRjI0WDFSRW5jNnNuS3dPaXY1a2xfUmJCcXpxdkFXanFmeg?oc=5\" target=\"_blank\" rel=\"nofollow noopener\">AVSL\u00d6JAR: Vagi\u0107 l\u00e4mnar Hammarby<\/a>&nbsp;&nbsp;Aftonbladet<\/li>\n<li><a href=\"https:\/\/news.google.com\/rss\/articles\/CBMiswFBVV95cUxPOEpnVldWS0UwNVVFZElKWm5MUkhxdndiSTA5SWQ1R1ZmVmlqS3VTTnY3OFJNM2FZZk9sZlFIejJYS3I1dDlETU94ZjBJb195RjhFdXRVa2xKR1I0bUJRQnJJZTlPbnFCVG5vUllwOXdMbGtldTMwTC01QjY1Y1JVRGxRRlZjLU5RZWJ1NWtnb1pwMWhkZFppM0NQbTI3c2ZZblp2OHRNR1hNa3Q1QTBKREd1aw?oc=5\" target=\"_blank\" rel=\"nofollow noopener\">Hammarbys sportchef om Hedl\u00f6f: &#8221;J\u00e4ttesp\u00e4nda p\u00e5 att se \u00e4nnu mer av honom&#8221;<\/a>&nbsp;&nbsp;Fotbolltransfers<\/li>\n<\/ol>\n","protected":false},"excerpt":{"rendered":"Pavle Vagi\u0107 l\u00e4mnar Hammarby&nbsp;&nbsp;Hammarby Fotboll Bekr\u00e4ftat: Hammarby s\u00e4ljer Vagic&nbsp;&nbsp;Fotbollskanalen Pavle Vagic bes\u00f6ker utl\u00e4ndsk klubb&nbsp;&nbsp;Hammarby Fotboll AVSL\u00d6JAR: Vagi\u0107 l\u00e4mnar&hellip;\n","protected":false},"author":2,"featured_media":134546,"comment_status":"","ping_status":"","sticky":false,"template":"","format":"standard","meta":{"footnotes":""},"categories":[5],"tags":[22,23,26,27,17,21,24,25,28,29,15,16,18,34,31,33,32,30,19,20],"class_list":{"0":"post-134545","1":"post","2":"type-post","3":"status-publish","4":"format-standard","5":"has-post-thumbnail","7":"category-rubriker","8":"tag-breaking-news","9":"tag-breakingnews","10":"tag-featured-news","11":"tag-featurednews","12":"tag-headlines","13":"tag-huvudnyheter","14":"tag-latest-news","15":"tag-latestnews","16":"tag-main-news","17":"tag-mainnews","18":"tag-news","19":"tag-nyheter","20":"tag-rubriker","21":"tag-se","22":"tag-svenska","23":"tag-sverige","24":"tag-sweden","25":"tag-swedish","26":"tag-top-stories","27":"tag-topstories"},"share_on_mastodon":{"url":"https:\/\/pubeurope.com\/@se\/115888627563011361","error":""},"_links":{"self":[{"href":"https:\/\/www.europesays.com\/se\/wp-json\/wp\/v2\/posts\/134545","targetHints":{"allow":["GET"]}}],"collection":[{"href":"https:\/\/www.europesays.com\/se\/wp-json\/wp\/v2\/posts"}],"about":[{"href":"https:\/\/www.europesays.com\/se\/wp-json\/wp\/v2\/types\/post"}],"author":[{"embeddable":true,"href":"https:\/\/www.europesays.com\/se\/wp-json\/wp\/v2\/users\/2"}],"replies":[{"embeddable":true,"href":"https:\/\/www.europesays.com\/se\/wp-json\/wp\/v2\/comments?post=134545"}],"version-history":[{"count":0,"href":"https:\/\/www.europesays.com\/se\/wp-json\/wp\/v2\/posts\/134545\/revisions"}],"wp:featuredmedia":[{"embeddable":true,"href":"https:\/\/www.europesays.com\/se\/wp-json\/wp\/v2\/media\/134546"}],"wp:attachment":[{"href":"https:\/\/www.europesays.com\/se\/wp-json\/wp\/v2\/media?parent=134545"}],"wp:term":[{"taxonomy":"category","embeddable":true,"href":"https:\/\/www.europesays.com\/se\/wp-json\/wp\/v2\/categories?post=134545"},{"taxonomy":"post_tag","embeddable":true,"href":"https:\/\/www.europesays.com\/se\/wp-json\/wp\/v2\/tags?post=134545"}],"curies":[{"name":"wp","href":"https:\/\/api.w.org\/{rel}","templated":true}]}}