{"id":134551,"date":"2026-01-13T16:04:30","date_gmt":"2026-01-13T16:04:30","guid":{"rendered":"https:\/\/www.europesays.com\/se\/134551\/"},"modified":"2026-01-13T16:04:30","modified_gmt":"2026-01-13T16:04:30","slug":"nu-hander-det-oppna-horlurar-far-brusreducering","status":"publish","type":"post","link":"https:\/\/www.europesays.com\/se\/134551\/","title":{"rendered":"Nu h\u00e4nder det: \u00d6ppna h\u00f6rlurar f\u00e5r brusreducering"},"content":{"rendered":"<p>Shokz presenterade under CES 2026 sina senaste open-ear-h\u00f6rlurar, OpenFit Pro, som tagits emot med ett pris under teknikm\u00e4ssan. <\/p>\n<p>Med ny dual-diaphragm-ljudenhet och aktiv brusreducering i \u00f6ppen design riktar sig modellen till dig som vill kombinera omgivningsmedvetenhet med f\u00f6rb\u00e4ttrat ljud.<\/p>\n<p>Ny ljudupplevelse i \u00f6ppet format<\/p>\n<p>OpenFit Pro \u00e4r Shokz mest avancerade modell hittills och bygger p\u00e5 vad f\u00f6retaget kallar en synchronised dual-diaphragm driver, som ska ge ett bredare och mer detaljerat ljud. <\/p>\n<p>Den \u00f6ppna designen g\u00f6r att du fortfarande kan h\u00f6ra din omgivning, samtidigt som ljudet ska k\u00e4nnas mer dynamiskt och klart \u00e4n tidigare modeller.<\/p>\n<p>Ljudet f\u00f6rst\u00e4rks av Shokz SuperBoost, vilket enligt f\u00f6retaget ska minska distorsion, ge j\u00e4mnare bas och tydligare mellanregister. <\/p>\n<p>H\u00f6rlurarna \u00e4r ocks\u00e5 optimerade f\u00f6r Dolby Atmos med head tracking och l\u00e5ter dig v\u00e4lja mellan fem f\u00f6rinst\u00e4llda ljudprofiler samt tv\u00e5 som du kan anpassa via Shokz-appen.<\/p>\n<p><img loading=\"lazy\" decoding=\"async\" width=\"1024\" height=\"576\" src=\"https:\/\/www.europesays.com\/se\/wp-content\/uploads\/2026\/01\/Kopi-af-OpenFit-2-vs-OpenFit-Pro-1024x576.png\" alt=\"\" class=\"wp-image-1599617\"  \/><\/p>\n","protected":false},"excerpt":{"rendered":"Shokz presenterade under CES 2026 sina senaste open-ear-h\u00f6rlurar, OpenFit Pro, som tagits emot med ett pris under teknikm\u00e4ssan.&hellip;\n","protected":false},"author":2,"featured_media":134552,"comment_status":"","ping_status":"","sticky":false,"template":"","format":"standard","meta":{"footnotes":""},"categories":[66],"tags":[13625,13221,80,78,79,34,13626,31,33,32,30,81,84,83,82],"class_list":{"0":"post-134551","1":"post","2":"type-post","3":"status-publish","4":"format-standard","5":"has-post-thumbnail","7":"category-vetenskap-och-teknik","8":"tag-horlurar","9":"tag-prylar","10":"tag-science","11":"tag-science-and-technology","12":"tag-scienceandtechnology","13":"tag-se","14":"tag-shokz","15":"tag-svenska","16":"tag-sverige","17":"tag-sweden","18":"tag-swedish","19":"tag-technology","20":"tag-teknik","21":"tag-vetenskap","22":"tag-vetenskapteknik"},"share_on_mastodon":{"url":"https:\/\/pubeurope.com\/@se\/115888643452771466","error":""},"_links":{"self":[{"href":"https:\/\/www.europesays.com\/se\/wp-json\/wp\/v2\/posts\/134551","targetHints":{"allow":["GET"]}}],"collection":[{"href":"https:\/\/www.europesays.com\/se\/wp-json\/wp\/v2\/posts"}],"about":[{"href":"https:\/\/www.europesays.com\/se\/wp-json\/wp\/v2\/types\/post"}],"author":[{"embeddable":true,"href":"https:\/\/www.europesays.com\/se\/wp-json\/wp\/v2\/users\/2"}],"replies":[{"embeddable":true,"href":"https:\/\/www.europesays.com\/se\/wp-json\/wp\/v2\/comments?post=134551"}],"version-history":[{"count":0,"href":"https:\/\/www.europesays.com\/se\/wp-json\/wp\/v2\/posts\/134551\/revisions"}],"wp:featuredmedia":[{"embeddable":true,"href":"https:\/\/www.europesays.com\/se\/wp-json\/wp\/v2\/media\/134552"}],"wp:attachment":[{"href":"https:\/\/www.europesays.com\/se\/wp-json\/wp\/v2\/media?parent=134551"}],"wp:term":[{"taxonomy":"category","embeddable":true,"href":"https:\/\/www.europesays.com\/se\/wp-json\/wp\/v2\/categories?post=134551"},{"taxonomy":"post_tag","embeddable":true,"href":"https:\/\/www.europesays.com\/se\/wp-json\/wp\/v2\/tags?post=134551"}],"curies":[{"name":"wp","href":"https:\/\/api.w.org\/{rel}","templated":true}]}}