{"id":134555,"date":"2026-01-13T16:07:07","date_gmt":"2026-01-13T16:07:07","guid":{"rendered":"https:\/\/www.europesays.com\/se\/134555\/"},"modified":"2026-01-13T16:07:07","modified_gmt":"2026-01-13T16:07:07","slug":"nytt-gripande-efter-misstankt-dodshjalp-i-djursholm","status":"publish","type":"post","link":"https:\/\/www.europesays.com\/se\/134555\/","title":{"rendered":"Nytt gripande efter misst\u00e4nkt d\u00f6dshj\u00e4lp i Djursholm"},"content":{"rendered":"<p>Publicerad 13 jan 2026 kl 15.21Uppdaterad kl 16.28<\/p>\n<p>En kvinna p\u00e5tr\u00e4ffades p\u00e5 s\u00f6ndagskv\u00e4llen d\u00f6d i en bostad i Djursholm.<\/p>\n<p>De tre personerna som f\u00f6rst greps har sl\u00e4ppts efter att dr\u00e5pmisstankarna mot dem har f\u00f6rsvagats.<\/p>\n<p>Under tisdagen greps en annan person.<\/p>\n<p>Senaste nyhetsklippen fr\u00e5n Expressen.<img   alt=\"\"\/><\/p>\n<p>Kvinnan som avled i sin bostad i Djursholm har varit sv\u00e5rt sjuk sedan en tid tillbaka.<\/p>\n<p>Foto: Stockholmblaljus.se<\/p>\n<p>\u00d6ppna bild i helsk\u00e4rm<\/p>\n<p>Kvinnan som avled i sin bostad i <a href=\"https:\/\/www.expressen.se\/tagg\/location\/djursholm\/\" class=\"\" rel=\"nofollow noopener\" target=\"_blank\">Djursholm<\/a> i norra Stockholm har varit sv\u00e5rt sjuk sedan en tid tillbaka. Hon hade d\u00e4rf\u00f6r hj\u00e4lp i hemmet och det var n\u00e4r v\u00e5rdpersonal kom till henne p\u00e5 s\u00f6ndagskv\u00e4llen som det stod klart att hon var avliden.<\/p>\n<p>Tre personer fanns d\u00e5 i bostaden och n\u00e4r polis kom till platsen greps de. Brottsmisstankarna formulerades som dr\u00e5p.<\/p>\n<p>Det stod direkt klart att det handlade om ett misst\u00e4nkt fall av d\u00f6dshj\u00e4lp.<\/p>\n<p>Personerna var \u00f6ppna med vad som h\u00e4nt. Polisen fick direkt uppgift om att andra personer \u00e4n de tre gripna hade bes\u00f6kt l\u00e4genheten tidigare under dagen och varit med kvinnan under hennes sista stund.<\/p>\n<p>Nytt gripande<\/p>\n<p>De tre personerna fick \u00e4nd\u00e5 f\u00f6lja med till polisens arrest och under m\u00e5ndagen f\u00f6rh\u00f6rdes de om brottsmisstankarna.<\/p>\n<p>\u2013 Misstankarna f\u00f6rsvagades och de f\u00f6rsattes p\u00e5 fri fot under m\u00e5ndagskv\u00e4llen, s\u00e4ger \u00e5klagare Urszula Grabowska.<\/p>\n<p>Under utredningen har en annan person identifierats som misst\u00e4nkt och denne kunde gripas under tisdagen. \u00c4ven den personen \u00e4r misst\u00e4nkt f\u00f6r dr\u00e5p men \u00e5klagaren p\u00e5pekar att det handlar om den l\u00e4gre misstankegraden, sk\u00e4lig misstanke.<\/p>\n<p>F\u00f6rh\u00f6r \u00e4r inplanerade under tisdagen och d\u00e4refter ska \u00e5klagare beslut om personen ska vara fortsatt anh\u00e5llen.<\/p>\n","protected":false},"excerpt":{"rendered":"Publicerad 13 jan 2026 kl 15.21Uppdaterad kl 16.28 En kvinna p\u00e5tr\u00e4ffades p\u00e5 s\u00f6ndagskv\u00e4llen d\u00f6d i en bostad i&hellip;\n","protected":false},"author":2,"featured_media":134556,"comment_status":"","ping_status":"","sticky":false,"template":"","format":"standard","meta":{"footnotes":""},"categories":[12],"tags":[22,23,26,27,17,21,24,25,4087,28,29,15,16,18,34,154,31,33,32,30,19,20],"class_list":{"0":"post-134555","1":"post","2":"type-post","3":"status-publish","4":"format-standard","5":"has-post-thumbnail","7":"category-sverige","8":"tag-breaking-news","9":"tag-breakingnews","10":"tag-featured-news","11":"tag-featurednews","12":"tag-headlines","13":"tag-huvudnyheter","14":"tag-latest-news","15":"tag-latestnews","16":"tag-location-djursholm","17":"tag-main-news","18":"tag-mainnews","19":"tag-news","20":"tag-nyheter","21":"tag-rubriker","22":"tag-se","23":"tag-sections-sverige","24":"tag-svenska","25":"tag-sverige","26":"tag-sweden","27":"tag-swedish","28":"tag-top-stories","29":"tag-topstories"},"share_on_mastodon":{"url":"https:\/\/pubeurope.com\/@se\/115888655249264093","error":""},"_links":{"self":[{"href":"https:\/\/www.europesays.com\/se\/wp-json\/wp\/v2\/posts\/134555","targetHints":{"allow":["GET"]}}],"collection":[{"href":"https:\/\/www.europesays.com\/se\/wp-json\/wp\/v2\/posts"}],"about":[{"href":"https:\/\/www.europesays.com\/se\/wp-json\/wp\/v2\/types\/post"}],"author":[{"embeddable":true,"href":"https:\/\/www.europesays.com\/se\/wp-json\/wp\/v2\/users\/2"}],"replies":[{"embeddable":true,"href":"https:\/\/www.europesays.com\/se\/wp-json\/wp\/v2\/comments?post=134555"}],"version-history":[{"count":0,"href":"https:\/\/www.europesays.com\/se\/wp-json\/wp\/v2\/posts\/134555\/revisions"}],"wp:featuredmedia":[{"embeddable":true,"href":"https:\/\/www.europesays.com\/se\/wp-json\/wp\/v2\/media\/134556"}],"wp:attachment":[{"href":"https:\/\/www.europesays.com\/se\/wp-json\/wp\/v2\/media?parent=134555"}],"wp:term":[{"taxonomy":"category","embeddable":true,"href":"https:\/\/www.europesays.com\/se\/wp-json\/wp\/v2\/categories?post=134555"},{"taxonomy":"post_tag","embeddable":true,"href":"https:\/\/www.europesays.com\/se\/wp-json\/wp\/v2\/tags?post=134555"}],"curies":[{"name":"wp","href":"https:\/\/api.w.org\/{rel}","templated":true}]}}