{"id":134561,"date":"2026-01-13T16:11:19","date_gmt":"2026-01-13T16:11:19","guid":{"rendered":"https:\/\/www.europesays.com\/se\/134561\/"},"modified":"2026-01-13T16:11:19","modified_gmt":"2026-01-13T16:11:19","slug":"kronprinsessan-victoria-om-militara-utbildningen-och-varldslaget","status":"publish","type":"post","link":"https:\/\/www.europesays.com\/se\/134561\/","title":{"rendered":"Kronprinsessan Victoria om milit\u00e4ra utbildningen och v\u00e4rldsl\u00e4get"},"content":{"rendered":"<p>Kronprinsessan Victoria forts\u00e4tter sin milit\u00e4ra utbildning.<\/p>\n<p>Nu n\u00e4rmast st\u00e5r en f\u00f6rdjupning inom arm\u00e9n p\u00e5 schemat, ber\u00e4ttar hon f\u00f6r Expressen.<\/p>\n<p>P\u00e5 Folk och f\u00f6rsvars konferens i S\u00e4len lyssnar hon intensivt p\u00e5 budskapen fr\u00e5n de olika talarna.<\/p>\n<p>\u2013 Vi ser det allvarliga l\u00e4get, s\u00e4ger Victoria.<\/p>\n<p><img   alt=\"\"\/><\/p>\n<p>\u2013 Det k\u00e4nns som om v\u00e4rldsl\u00e4get f\u00f6r\u00e4ndras hela tiden just nu, s\u00e4ger kronprinsessan Victoria till Expressen.<\/p>\n<p>Foto: SVEN LINDWALL<\/p>\n<p>\u00d6ppna bild i helsk\u00e4rm<\/p>\n<p>Kungen och Victoria deltar under de tre dagar som Folk och f\u00f6rsvar h\u00e5ller sin konferens i S\u00e4len. De sitter p\u00e5 f\u00f6rsta raden och lyssnar p\u00e5 den ena allvarliga programpunkten efter den andra.<\/p>\n<p>Rubriker som \u201dNavigera i en orolig v\u00e4rld\u201d, \u201dEuropa under press\u201d och \u201dM\u00f6ta hoten i v\u00e5rt n\u00e4romr\u00e5de\u201d rullar f\u00f6rbi p\u00e5 schemat.<\/p>\n<p>F\u00f6r Victoria och kungen b\u00f6rjade m\u00e5ndagen med andakt i fj\u00e4llkyrkan, ledd av \u00e4rkebiskop Martin Mod\u00e9us. Sedan gick de tv\u00e5 till ett m\u00f6te med Finlands utrikesminister Elina Valtonen.<\/p>\n<p><img loading=\"lazy\"   alt=\"\"\/><\/p>\n<p>Kungen och Victoria p\u00e5 v\u00e4g in till andakten med \u00e4rkebiskop Martin Mod\u00e9us.<\/p>\n<p>Foto: SVEN LINDWALL<\/p>\n<p>\u00d6ppna bild i helsk\u00e4rm<img loading=\"lazy\"   alt=\"\"\/><\/p>\n<p>Kronprinsessan Victoria och Kungen med finska utrikesministern Elina Valtonen och ambassad\u00f6r Olli Kantanen.<\/p>\n<p>Foto: SVEN LINDWALL<\/p>\n<p>\u00d6ppna bild i helsk\u00e4rm<\/p>\n<p>N\u00e5gra minuter senare fick Expressen en exklusiv pratstund med Victoria.<\/p>\n<p><strong>Hur var det i morse med andaktsstunden?<\/strong><\/p>\n<p>\u2013 Jag tycker att det var det en v\u00e4ldigt fin stund och jag k\u00e4nde ocks\u00e5 att det var lite beh\u00f6vligt.\u00a0<\/p>\n<p><strong>En kontrast till konferensen Folk och f\u00f6rsvar?<\/strong><\/p>\n<p>\u2013 Men ocks\u00e5 det h\u00e4r att samla tankar och hur man \u00e4r tillsammans. Det var v\u00e4ldigt fint gjort. Och just det d\u00e4r som du s\u00e4ger, visserligen en kontrast, men jag tror att det beh\u00f6ver vi generellt: stanna upp och reflektera och kanske f\u00e5 en stund av koncentration och ladda batterierna.<\/p>\n<p><img loading=\"lazy\"   alt=\"\"\/><\/p>\n<p>\u2013 Nej, nej, jag h\u00e5ller mig d\u00e4r nere, s\u00e4ger Victoria n\u00e4r Expressens Leif Br\u00e4nnstr\u00f6m s\u00e4ger att hon b\u00f6rjar l\u00e5ta som en general.<\/p>\n<p>Foto: SVEN LINDWALL<\/p>\n<p>\u00d6ppna bild i helsk\u00e4rm<\/p>\n<p><strong>Vad tar kronprinsessan med sig fr\u00e5n konferensen Folk och f\u00f6rsvar?<\/strong><\/p>\n<p>\u2013 Jag tycker det \u00e4r oerh\u00f6rt v\u00e4rdefullt att den h\u00e4r konferensen, och med den l\u00e5nga historiken som den har. Att samlas s\u00e5 h\u00e4r \u00e4r inget konstigt och det har gjorts \u00f6ver tid och det finns ett upparbetat s\u00e4tt att g\u00e5 till v\u00e4ga, alla k\u00e4nner sig bekv\u00e4ma med det, s\u00e4ger Victoria.<\/p>\n<p>Fr\u00e5gorna \u00e4r v\u00e4ldigt allvarliga och l\u00e4get \u00e4r ett annat i dag, men det finns en vilja att g\u00e5 fram\u00e5t. Victoria upplever att deltagarna \u00e4r fokuserade p\u00e5 att vara l\u00f6sningsorienterade och att samh\u00e4llet beh\u00f6ver komma samman p\u00e5 ett nytt s\u00e4tt.<\/p>\n<p>\u2013 Vi ser det allvarliga i l\u00e4get, men ocks\u00e5 det att vi alla m\u00e5ste r\u00f6ra oss i en riktning fram\u00e5t, s\u00e4ger hon.<\/p>\n<p><img loading=\"lazy\"   alt=\"\"\/><\/p>\n<p>Kronprinsessan g\u00f6r sig snart redo f\u00f6r en f\u00f6rdjupad utbildning inom armen.<\/p>\n<p>Foto: SVEN LINDWALL<\/p>\n<p>\u00d6ppna bild i helsk\u00e4rm<\/p>\n<p><strong>Hur k\u00e4nns det som mamma? Pratar man med barnen hemma om l\u00e4get?\u00a0<\/strong><\/p>\n<p>\u2013 Ja, men det \u00e4r en annan del av det. Men att vara informerad, det \u00e4r ju en grund, s\u00e5 att man sj\u00e4lv k\u00e4nner att man bevakar n\u00e5gorlunda fr\u00e5gan. Sen s\u00e5 \u00e4r det ju s\u00e5 o\u00e4ndligt. Det k\u00e4nns som om v\u00e4rldsl\u00e4get f\u00f6r\u00e4ndras hela tiden just nu. Och det \u00e4r s\u00e5 m\u00e5nga olika fronter man ska h\u00e5lla koll p\u00e5, olika fr\u00e5gor. D\u00e4r k\u00e4nner jag att komma hit och f\u00e5 lite b\u00e4ttre information och f\u00e5 ocks\u00e5 f\u00e5 m\u00f6jligheten att prata med m\u00e4nniskor som de facto \u00e4r initierade och informerade p\u00e5 ett annat plan, det k\u00e4nns v\u00e4ldigt v\u00e4rdefullt.<\/p>\n<p><strong>Hur l\u00e5ngt har kronprinsessan kommit i sin milit\u00e4ra utbildning?<\/strong><\/p>\n<p>Victoria skrattar till, samlar sig och s\u00e4ger:<\/p>\n<p>Annons<\/p>\n<p>\u2013 Det \u00e4r liksom never ending.<\/p>\n<p><strong>\u00c4r det arm\u00e9utbildning p\u00e5 g\u00e5ng nu?<\/strong><\/p>\n<p>\u2013 Ja, jag avslutade officersprogrammet f\u00f6rra v\u00e5ren och det var fokus p\u00e5 flygvapnet i h\u00f6stas, vilket ocks\u00e5 var j\u00e4ttebra att f\u00e5 den delen av f\u00f6rsvaret. Och nu blir det fokus p\u00e5 arm\u00e9n.\u00a0<\/p>\n<p><img loading=\"lazy\"   alt=\"\"\/><\/p>\n<p>Kronprinsessan Victoria och Expressens Leif Br\u00e4nnstr\u00f6m.<\/p>\n<p>Foto: SVEN LINDWALL<\/p>\n<p>\u00d6ppna bild i helsk\u00e4rm<\/p>\n<p>Kronprinsessan s\u00e4ger att f\u00e5 l\u00e4ra sig de olika vapengrenarna ger en b\u00e4ttre insikt och f\u00f6rst\u00e5else f\u00f6r helheten och hur de olika delarna av <a href=\"https:\/\/www.expressen.se\/tagg\/organization\/forsvarsmakten\/\" class=\"\" rel=\"nofollow noopener\" target=\"_blank\">F\u00f6rsvarsmakten<\/a> samverkar med varandra och samspelar.<\/p>\n<p>\u2013 S\u00e4rskilt i det l\u00e4ge F\u00f6rsvarsmakten befinner sig i dag, d\u00e4r det ska rustas och det har tillkommit andra uppgifter som Natomedlemskapet d\u00e4r vi f\u00e5tt nya uppgifterna och ansvarsomr\u00e5den. Det \u00e4r aktivitet i alla dom\u00e4ner nuf\u00f6rtiden, \u00e4ven rymden.<\/p>\n<p><strong>Kronprinsessan l\u00e5ter som general.<\/strong><\/p>\n<p>\u2013 Nej, nej, nej. Nej, nej, nej, jag h\u00e5ller mig d\u00e4r nere, s\u00e4ger hon och b\u00f6rjar skratta.<\/p>\n<p><strong>L\u00c4S MER: <\/strong><a href=\"https:\/\/www.expressen.se\/nyheter\/sverige\/kungens-tal-pa-folk-och-forsvar-2026\/\" class=\"\" rel=\"nofollow noopener\" target=\"_blank\">Kungen: L\u00e4get \u00e4r allvarligt<\/a><strong>L\u00c4S MER: <\/strong><a href=\"https:\/\/www.expressen.se\/nyheter\/sverige\/skuggflottan-okar-risken-for-katastrof-i-ostersjon\/\" class=\"\" rel=\"nofollow noopener\" target=\"_blank\">Skuggflottan \u00f6kar risken f\u00f6r katastrof i \u00d6stersj\u00f6n<\/a><strong>L\u00c4S MER: <\/strong><a href=\"https:\/\/www.expressen.se\/nyheter\/politik\/nya-svenska-militara-akutpaket-till-ukraina-koper-fran-usa\/\" class=\"\" rel=\"nofollow noopener\" target=\"_blank\">Nya svenska milit\u00e4ra akutpaket till Ukraina \u2013 k\u00f6per fr\u00e5n USA<\/a><\/p>\n","protected":false},"excerpt":{"rendered":"Kronprinsessan Victoria forts\u00e4tter sin milit\u00e4ra utbildning. Nu n\u00e4rmast st\u00e5r en f\u00f6rdjupning inom arm\u00e9n p\u00e5 schemat, ber\u00e4ttar hon f\u00f6r&hellip;\n","protected":false},"author":2,"featured_media":134562,"comment_status":"","ping_status":"","sticky":false,"template":"","format":"standard","meta":{"footnotes":""},"categories":[67],"tags":[50,104,13488,13487,48,1703,34,612,31,33,32,30,60,49,2189,105],"class_list":{"0":"post-134561","1":"post","2":"type-post","3":"status-publish","4":"format-standard","5":"has-post-thumbnail","7":"category-underhallning","8":"tag-arme-forsvar","9":"tag-entertainment","10":"tag-newsstory-folk-och-forsvar-2026","11":"tag-organization-folk-och-forsvar","12":"tag-organization-forsvarsmakten","13":"tag-person-kronprinsessan-victoria","14":"tag-se","15":"tag-sections-kungligt","16":"tag-svenska","17":"tag-sverige","18":"tag-sweden","19":"tag-swedish","20":"tag-topic-krig-konflikt","21":"tag-topic-militar","22":"tag-topic-sakerhetspolitik","23":"tag-underhallning"},"share_on_mastodon":{"url":"https:\/\/pubeurope.com\/@se\/115888670836483988","error":""},"_links":{"self":[{"href":"https:\/\/www.europesays.com\/se\/wp-json\/wp\/v2\/posts\/134561","targetHints":{"allow":["GET"]}}],"collection":[{"href":"https:\/\/www.europesays.com\/se\/wp-json\/wp\/v2\/posts"}],"about":[{"href":"https:\/\/www.europesays.com\/se\/wp-json\/wp\/v2\/types\/post"}],"author":[{"embeddable":true,"href":"https:\/\/www.europesays.com\/se\/wp-json\/wp\/v2\/users\/2"}],"replies":[{"embeddable":true,"href":"https:\/\/www.europesays.com\/se\/wp-json\/wp\/v2\/comments?post=134561"}],"version-history":[{"count":0,"href":"https:\/\/www.europesays.com\/se\/wp-json\/wp\/v2\/posts\/134561\/revisions"}],"wp:featuredmedia":[{"embeddable":true,"href":"https:\/\/www.europesays.com\/se\/wp-json\/wp\/v2\/media\/134562"}],"wp:attachment":[{"href":"https:\/\/www.europesays.com\/se\/wp-json\/wp\/v2\/media?parent=134561"}],"wp:term":[{"taxonomy":"category","embeddable":true,"href":"https:\/\/www.europesays.com\/se\/wp-json\/wp\/v2\/categories?post=134561"},{"taxonomy":"post_tag","embeddable":true,"href":"https:\/\/www.europesays.com\/se\/wp-json\/wp\/v2\/tags?post=134561"}],"curies":[{"name":"wp","href":"https:\/\/api.w.org\/{rel}","templated":true}]}}