{"id":134594,"date":"2026-01-13T16:40:14","date_gmt":"2026-01-13T16:40:14","guid":{"rendered":"https:\/\/www.europesays.com\/se\/134594\/"},"modified":"2026-01-13T16:40:14","modified_gmt":"2026-01-13T16:40:14","slug":"lastbilar-i-frontalkrock-forarna-till-sjukhus","status":"publish","type":"post","link":"https:\/\/www.europesays.com\/se\/134594\/","title":{"rendered":"Lastbilar i frontalkrock \u2013 f\u00f6rarna till sjukhus"},"content":{"rendered":"<p>share-arrowDela<\/p>\n<p>unsaveSpara<\/p>\n<p>expand-left<\/p>\n<p>helsk\u00e4rm<img decoding=\"async\" class=\"image-asset hyperion-css-u06ts1\" data-test-tag=\"image-asset\" src=\"https:\/\/www.europesays.com\/se\/wp-content\/uploads\/2026\/01\/b5439cfa-be66-4d20-90c5-f3a6f9bcf596.jpeg\"  alt=\"Tv\u00e5 lastbilschauff\u00f6rer skadades allvarligt i en frontalkrock i V\u00e4rmland. Arkivbild.\"  loading=\"eager\" fetchpriority=\"high\" style=\"aspect-ratio:1900 \/ 1248\"\/>Tv\u00e5 lastbilschauff\u00f6rer skadades allvarligt i en frontalkrock i V\u00e4rmland. Arkivbild. Foto: Johan Nilsson\/TT<\/p>\n<p class=\"hyperion-css-1shl3oz\" data-test-tag=\"lead-text\">Tv\u00e5 lastbilar frontalkolliderade p\u00e5 f\u00f6rmiddagen p\u00e5 riksv\u00e4g 62 i Torsby kommun. B\u00e5da f\u00f6rarna skadades allvarligt i olyckan.<\/p>\n<p class=\"hyperion-css-1v9qo5x\">F\u00f6rarna kl\u00e4mdes fast i sina fordon och fick tas ut av r\u00e4ddningstj\u00e4nsten. De f\u00f6rdes till sjukhus, en av dem med ambulanshelikopter, och polisen beskriver skadel\u00e4get i b\u00e5da fallen som allvarligt.<\/p>\n<p class=\"hyperion-css-1v9qo5x\">\u2013 Det var ganska d\u00e5ligt v\u00e4glag med halka och sn\u00f6modd, men utredningen f\u00e5r v\u00e4l visa om det \u00e4r orsaken till olyckan, s\u00e4ger polisens presstalesperson Sophia Jiglind.<\/p>\n<p class=\"hyperion-css-1v9qo5x\">B\u00e5da fordonen \u00e4r tagna i beslag f\u00f6r en teknisk unders\u00f6kning och polisen har inlett en f\u00f6runders\u00f6kning om grov v\u00e5rdsl\u00f6shet i trafik och v\u00e5llande till kroppsskada. Ingen \u00e4r i nul\u00e4get delgiven misstanke om brott.<\/p>\n<p class=\"hyperion-css-1v9qo5x\">V\u00e4gen var totalst\u00e4ngd i drygt tre timmar under det omfattande b\u00e4rgningsarbetet efter olyckan.<\/p>\n","protected":false},"excerpt":{"rendered":"share-arrowDela unsaveSpara expand-left helsk\u00e4rmTv\u00e5 lastbilschauff\u00f6rer skadades allvarligt i en frontalkrock i V\u00e4rmland. Arkivbild. Foto: Johan Nilsson\/TT Tv\u00e5 lastbilar&hellip;\n","protected":false},"author":2,"featured_media":134595,"comment_status":"","ping_status":"","sticky":false,"template":"","format":"standard","meta":{"footnotes":""},"categories":[5],"tags":[22,23,26,27,17,21,24,25,28,29,15,16,18,34,31,33,32,30,19,20],"class_list":{"0":"post-134594","1":"post","2":"type-post","3":"status-publish","4":"format-standard","5":"has-post-thumbnail","7":"category-rubriker","8":"tag-breaking-news","9":"tag-breakingnews","10":"tag-featured-news","11":"tag-featurednews","12":"tag-headlines","13":"tag-huvudnyheter","14":"tag-latest-news","15":"tag-latestnews","16":"tag-main-news","17":"tag-mainnews","18":"tag-news","19":"tag-nyheter","20":"tag-rubriker","21":"tag-se","22":"tag-svenska","23":"tag-sverige","24":"tag-sweden","25":"tag-swedish","26":"tag-top-stories","27":"tag-topstories"},"share_on_mastodon":{"url":"https:\/\/pubeurope.com\/@se\/115888784849880654","error":""},"_links":{"self":[{"href":"https:\/\/www.europesays.com\/se\/wp-json\/wp\/v2\/posts\/134594","targetHints":{"allow":["GET"]}}],"collection":[{"href":"https:\/\/www.europesays.com\/se\/wp-json\/wp\/v2\/posts"}],"about":[{"href":"https:\/\/www.europesays.com\/se\/wp-json\/wp\/v2\/types\/post"}],"author":[{"embeddable":true,"href":"https:\/\/www.europesays.com\/se\/wp-json\/wp\/v2\/users\/2"}],"replies":[{"embeddable":true,"href":"https:\/\/www.europesays.com\/se\/wp-json\/wp\/v2\/comments?post=134594"}],"version-history":[{"count":0,"href":"https:\/\/www.europesays.com\/se\/wp-json\/wp\/v2\/posts\/134594\/revisions"}],"wp:featuredmedia":[{"embeddable":true,"href":"https:\/\/www.europesays.com\/se\/wp-json\/wp\/v2\/media\/134595"}],"wp:attachment":[{"href":"https:\/\/www.europesays.com\/se\/wp-json\/wp\/v2\/media?parent=134594"}],"wp:term":[{"taxonomy":"category","embeddable":true,"href":"https:\/\/www.europesays.com\/se\/wp-json\/wp\/v2\/categories?post=134594"},{"taxonomy":"post_tag","embeddable":true,"href":"https:\/\/www.europesays.com\/se\/wp-json\/wp\/v2\/tags?post=134594"}],"curies":[{"name":"wp","href":"https:\/\/api.w.org\/{rel}","templated":true}]}}