{"id":134599,"date":"2026-01-13T16:47:07","date_gmt":"2026-01-13T16:47:07","guid":{"rendered":"https:\/\/www.europesays.com\/se\/134599\/"},"modified":"2026-01-13T16:47:07","modified_gmt":"2026-01-13T16:47:07","slug":"sapo-mobiliserar-mot-rysk-valpaverkan","status":"publish","type":"post","link":"https:\/\/www.europesays.com\/se\/134599\/","title":{"rendered":"S\u00e4po mobiliserar mot rysk valp\u00e5verkan"},"content":{"rendered":"<p>S\u00e4kerhetspolisen tar med i ber\u00e4kningen att Ryssland kan f\u00f6rs\u00f6ka p\u00e5verka den svenska valprocessen.<\/p>\n<p>Och S\u00e4po har lagt upp en plan.<\/p>\n<p>\u2013 H\u00e4r har vi s\u00e4rskilt fokus, s\u00e4ger S\u00e4po-chefen Charlotte von Essen.<\/p>\n<p>Senaste nyhetsklippen fr\u00e5n Expressen.<img   alt=\"\"\/><\/p>\n<p>S\u00e4po-chefen Charlotte von Essen varnar f\u00f6r p\u00e5verkansoperationer under val\u00e5ret.<\/p>\n<p>Foto: SVEN LINDWALL<\/p>\n<p>\u00d6ppna bild i helsk\u00e4rm<img loading=\"lazy\"   alt=\"\"\/><\/p>\n<p>Flera myndigheter, d\u00e4ribland S\u00e4po, rustar f\u00f6r att f\u00f6rhindra manipulering av valet 2026.<\/p>\n<p>Foto: Anggalih Prasetya \/ Shutterstock \/ Copyright (c) 2024 Anggalih Prasety<\/p>\n<p>\u00d6ppna bild i helsk\u00e4rm<img loading=\"lazy\"   alt=\"\"\/><\/p>\n<p>Valet i Sverige \u00e4ger rum den 13 september.<\/p>\n<p>Foto: JEPPE GUSTAFSSON \/ SHUTTERSTOCK EDITORIAL\/IBL<\/p>\n<p>\u00d6ppna bild i helsk\u00e4rm<img loading=\"lazy\"   alt=\"\"\/><\/p>\n<p>7,8 miljoner svenskar kan r\u00f6sta i valet i h\u00f6st.<\/p>\n<p>\u00d6ppna bild i helsk\u00e4rm<img loading=\"lazy\"   alt=\"\"\/><\/p>\n<p>Vladimir Putin.<\/p>\n<p>Foto: VYACHESLAV PROKOFYEV\/KREMLIN POO \/ STELLA PICTURES<\/p>\n<p>\u00d6ppna bild i helsk\u00e4rm<\/p>\n<p>N\u00e4rmare 7,8 miljoner svenskar kommer att ha m\u00f6jlighet att r\u00f6sta p\u00e5 valdagen den 13 september.<\/p>\n<p><a href=\"https:\/\/www.expressen.se\/tagg\/organization\/sakerhetspolisen\/\" class=\"\" rel=\"nofollow noopener\" target=\"_blank\">S\u00e4kerhetspolisen<\/a> tillh\u00f6r de myndigheter som mobiliserar f\u00f6r att f\u00f6rhindra att n\u00e5gon f\u00f6rs\u00f6ker manipulera valprocessen eller sj\u00e4lva resultatet.<\/p>\n<p>\u2013 Vi befinner oss i ett allvarligt s\u00e4kerhetsl\u00e4ge, ett l\u00e4ge som kan f\u00f6rs\u00e4mras. Det beh\u00f6ver vi ha med oss n\u00e4r vi nu g\u00e5r in i ett val\u00e5r. Och d\u00e5 \u00e4r det viktigt att vi bed\u00f6mer det l\u00e4ge som utvecklas och de hot som finns fortl\u00f6pande utifr\u00e5n de tv\u00e5 viktiga roller vi har i val\u00e5ret, s\u00e4ger S\u00e4po-chefen Charlotte von Essen till Expressen i samband med Folk och f\u00f6rsvars konferens i S\u00e4len.<\/p>\n<p><img loading=\"lazy\"   alt=\"\"\/><\/p>\n<p>S\u00e4po-chefen Charlotte von Essen manar till vaksamhet under val\u00e5ret 2026.<\/p>\n<p>Foto: SVEN LINDWALL<\/p>\n<p>\u00d6ppna bild i helsk\u00e4rm\u201dBefolkning som \u00e4r ganska misst\u00e4nksam\u201d<\/p>\n<p>Det handlar dels om S\u00e4pos roll att skydda den centrala statsledningen, dels om att valprocessen fungerar friktionsfritt s\u00e5 att svenska folket inte misstror valresultatet, vilket skulle kunna bero p\u00e5 olika former av p\u00e5verkansoperationer.<\/p>\n<p>Ryssland har fortfarande h\u00f6gsta prioritet hos S\u00e4po.<\/p>\n<p>\u2013 Det \u00e4r klart att vi vet att fr\u00e4mmande makt och Ryssland inte minst bedriver olika typer av s\u00e4kerhetshotande aktiviteter mot Sverige och det kan ju ocks\u00e5 ske under sj\u00e4lva val\u00e5ret. H\u00e4r har vi ju s\u00e4rskilt fokus p\u00e5 valp\u00e5verkan, operations-, eventuella p\u00e5verkansoperationer, s\u00e4ger Charlotte von Essen.<\/p>\n<p>Samtidigt menar Charlotte von Essen att Sverige har ett stabilt valsystem som ska klara till exempel cyberattacker.<\/p>\n<p>\u2013 Vi har ocks\u00e5 en befolkning som \u00e4r ganska misst\u00e4nksam och inte s\u00e5 mottaglig f\u00f6r viss p\u00e5verkan, vilket g\u00f6r att vi har en st\u00f6rre robusthet \u00e4n kanske vissa andra l\u00e4nder har.<\/p>\n<p>Uppmaningen till medier<\/p>\n<p>Men hon manar samtidigt till vaksamhet.<\/p>\n<p>\u2013 Vi beh\u00f6ver vara vaksamma och k\u00e4llkritiska. Vad jag tycker \u00e4r otroligt viktigt \u00e4r att vi nu inte spekulerar om olika p\u00e5verkansoperationer om det inte finns illr\u00e4ckligt underlag f\u00f6r det.<\/p>\n<p><strong>Vem riktar du den maningen till?<\/strong><\/p>\n<p>\u2013 Jag riktar det till myndigheter, jag riktar det till f\u00f6rtroendevalda, men jag riktar det ocks\u00e5 till media. Att vi i Sverige inte bidrar till att skapa os\u00e4kerhet runt valprocessen.<\/p>\n<p><strong>Har ni n\u00e5got scenario d\u00e4r ni befarar att det kommer bli p\u00e5verkansoperationer eller cyberattacker?<\/strong><\/p>\n<p>\u2013 Vi vet generellt hur fr\u00e4mmande makt och Ryssland agerar och vi har sett ett Ryssland som \u00e4r mer riskben\u00e4get och mer of\u00f6ruts\u00e4gbart. S\u00e5 det h\u00e4r \u00e4r n\u00e5gonting som vi beh\u00f6ver ha med oss hela tiden. Samtidigt ska jag s\u00e4ga att just nu s\u00e5 ser vi inte n\u00e5gra konkret hot.<\/p>\n<p>Informationskrig<\/p>\n<p>Magnus Hjort, generaldirekt\u00f6r Myndigheten f\u00f6r psykologiskt f\u00f6rsvar, fyllde p\u00e5 n\u00e4r han fr\u00e5n scenen i S\u00e4len sa att Ryssland bedriver ett informationskrig mot Sverige och andra l\u00e4nder i v\u00e4st.<\/p>\n<p>&#8211; Dels sker det \u00f6ppet i uttalanden fr\u00e5n Kreml, eller statsmedia. Dels dolt genom underr\u00e4ttelsetj\u00e4nster. outsourcing till pr-f\u00f6retag, eller mer l\u00f6sliga n\u00e4tverk som arbetar p\u00e5 direkt uppdrag fr\u00e5n Kreml.<\/p>\n<p><strong>L\u00c4S MER: <\/strong><a href=\"https:\/\/www.expressen.se\/nyheter\/sverige\/sapo-sa-kan-skilsmassan-bli-ett-sakerhetshot-\/\" class=\"\" rel=\"nofollow noopener\" target=\"_blank\">S\u00e4po: S\u00e5 kan skilsm\u00e4ssan bli ett s\u00e4kerhetshot<\/a><strong>L\u00c4S MER: <\/strong><a href=\"https:\/\/www.expressen.se\/nyheter\/sverige\/sapochefen-charlotta-von-essen-ryssland-ar-mer-riskbenagna\/\" class=\"\" rel=\"nofollow noopener\" target=\"_blank\">S\u00e4pochefen Charlotte von Essen: Ryssland \u00e4r mer riskben\u00e4gna<\/a><\/p>\n","protected":false},"excerpt":{"rendered":"S\u00e4kerhetspolisen tar med i ber\u00e4kningen att Ryssland kan f\u00f6rs\u00f6ka p\u00e5verka den svenska valprocessen. Och S\u00e4po har lagt upp&hellip;\n","protected":false},"author":2,"featured_media":134600,"comment_status":"","ping_status":"","sticky":false,"template":"","format":"standard","meta":{"footnotes":""},"categories":[12],"tags":[22,23,26,27,17,21,24,25,274,11492,28,29,15,13488,16,885,13631,13630,18,34,154,31,33,32,30,19,2572,996,2189,20],"class_list":{"0":"post-134599","1":"post","2":"type-post","3":"status-publish","4":"format-standard","5":"has-post-thumbnail","7":"category-sverige","8":"tag-breaking-news","9":"tag-breakingnews","10":"tag-featured-news","11":"tag-featurednews","12":"tag-headlines","13":"tag-huvudnyheter","14":"tag-latest-news","15":"tag-latestnews","16":"tag-location-ryssland","17":"tag-location-salen","18":"tag-main-news","19":"tag-mainnews","20":"tag-news","21":"tag-newsstory-folk-och-forsvar-2026","22":"tag-nyheter","23":"tag-organization-sakerhetspolisen","24":"tag-organization-valmyndigheten","25":"tag-person-charlotte-von-essen","26":"tag-rubriker","27":"tag-se","28":"tag-sections-sverige","29":"tag-svenska","30":"tag-sverige","31":"tag-sweden","32":"tag-swedish","33":"tag-top-stories","34":"tag-topic-cyberattack","35":"tag-topic-myndigheter","36":"tag-topic-sakerhetspolitik","37":"tag-topstories"},"share_on_mastodon":{"url":"","error":"Validation failed: Text character limit of 500 exceeded"},"_links":{"self":[{"href":"https:\/\/www.europesays.com\/se\/wp-json\/wp\/v2\/posts\/134599","targetHints":{"allow":["GET"]}}],"collection":[{"href":"https:\/\/www.europesays.com\/se\/wp-json\/wp\/v2\/posts"}],"about":[{"href":"https:\/\/www.europesays.com\/se\/wp-json\/wp\/v2\/types\/post"}],"author":[{"embeddable":true,"href":"https:\/\/www.europesays.com\/se\/wp-json\/wp\/v2\/users\/2"}],"replies":[{"embeddable":true,"href":"https:\/\/www.europesays.com\/se\/wp-json\/wp\/v2\/comments?post=134599"}],"version-history":[{"count":0,"href":"https:\/\/www.europesays.com\/se\/wp-json\/wp\/v2\/posts\/134599\/revisions"}],"wp:featuredmedia":[{"embeddable":true,"href":"https:\/\/www.europesays.com\/se\/wp-json\/wp\/v2\/media\/134600"}],"wp:attachment":[{"href":"https:\/\/www.europesays.com\/se\/wp-json\/wp\/v2\/media?parent=134599"}],"wp:term":[{"taxonomy":"category","embeddable":true,"href":"https:\/\/www.europesays.com\/se\/wp-json\/wp\/v2\/categories?post=134599"},{"taxonomy":"post_tag","embeddable":true,"href":"https:\/\/www.europesays.com\/se\/wp-json\/wp\/v2\/tags?post=134599"}],"curies":[{"name":"wp","href":"https:\/\/api.w.org\/{rel}","templated":true}]}}