{"id":134601,"date":"2026-01-13T16:48:08","date_gmt":"2026-01-13T16:48:08","guid":{"rendered":"https:\/\/www.europesays.com\/se\/134601\/"},"modified":"2026-01-13T16:48:08","modified_gmt":"2026-01-13T16:48:08","slug":"aik-lanar-melvin-fernstrom-fran-orebro","status":"publish","type":"post","link":"https:\/\/www.europesays.com\/se\/134601\/","title":{"rendered":"AIK l\u00e5nar Melvin Fernstr\u00f6m fr\u00e5n \u00d6rebro"},"content":{"rendered":"<p>Publicerad 13 jan 2026 kl 16.51Uppdaterad kl 17.39<\/p>\n<p>AIK agerar efter l\u00e5ngtidsskadan p\u00e5 Christopher Bengtsson.\u00a0<\/p>\n<p>Enligt Expressens uppgifter l\u00e5nar klubben in Melvin Fernstr\u00f6m fr\u00e5n \u00d6rebro.\u00a0<\/p>\n<p><img   alt=\"\"\/><\/p>\n<p>AIK l\u00e5nar in Melvin Fernstr\u00f6m.<\/p>\n<p>Foto: LUDVIG THUNMAN \/ BILDBYR\u00c5N<\/p>\n<p>\u00d6ppna bild i helsk\u00e4rm<\/p>\n<p>AIK fick Christopher Bengtsson l\u00e5ngtidsskadad i fredagens m\u00f6te mot BIK Karlskoga. P\u00e5 tisdagen kom den dystra prognosen \u2013 forwarden blir borta mellan tio till tolv veckor.<\/p>\n<p>Nu agerar AIK:s sportchef Lasse Johansson. Enligt uppgifter till Expressen l\u00e5nar klubben in \u00d6rebros forward Melvin Fernstr\u00f6m. L\u00e5net g\u00e4ller tills vidare och om inget of\u00f6rutsett intr\u00e4ffar \u00e4r han tillg\u00e4nglig f\u00f6r spel redan i onsdagens m\u00f6te med Modo.<\/p>\n<p>Fernstr\u00f6m, som uts\u00e5gs till \u00e5rets rookie i SHL fjol, har inte f\u00e5tt spelet att st\u00e4mma den h\u00e4r s\u00e4songen. Hittills har 19-\u00e5ringen noterats f\u00f6r blott fyra po\u00e4ng p\u00e5 34 matcher, att j\u00e4mf\u00f6ra med 17 po\u00e4ng i fjol. Nyligen blev han dessutom nobbad i JVM-truppen. \u00a0<\/p>\n<p>\u2013 Det tog j\u00e4kligt h\u00e5rt p\u00e5 mig, det ska jag \u00e4nd\u00e5 vara \u00e4rlig och s\u00e4ga. Det var bara att l\u00e4gga sig i s\u00e4ngen. Det var n\u00e5gra riktigt jobbiga f\u00f6rsta dagar, sa 19-\u00e5ringen till <a href=\"https:\/\/www.expressen.se\/sport\/hockey\/shl\/melvin-fernstrom-nobbades-i-guldlaget\/\" rel=\"nofollow noopener\" target=\"_blank\">Expressen<\/a> den 6 januari.<\/p>\n<p>F\u00f6rhoppningen \u00e4r nu att han ska f\u00e5 v\u00e4lbeh\u00f6vlig speltid och hitta tillbaka till sj\u00e4lvf\u00f6rtroendet i allsvensk milj\u00f6.<\/p>\n<p>L\u00e5neaff\u00e4ren v\u00e4ntas bli officiell inom kort.<\/p>\n","protected":false},"excerpt":{"rendered":"Publicerad 13 jan 2026 kl 16.51Uppdaterad kl 17.39 AIK agerar efter l\u00e5ngtidsskadan p\u00e5 Christopher Bengtsson.\u00a0 Enligt Expressens uppgifter&hellip;\n","protected":false},"author":2,"featured_media":134602,"comment_status":"","ping_status":"","sticky":false,"template":"","format":"standard","meta":{"footnotes":""},"categories":[5],"tags":[22,23,26,27,17,21,24,25,28,29,15,16,655,2559,18,34,255,823,31,33,32,30,19,20],"class_list":{"0":"post-134601","1":"post","2":"type-post","3":"status-publish","4":"format-standard","5":"has-post-thumbnail","7":"category-rubriker","8":"tag-breaking-news","9":"tag-breakingnews","10":"tag-featured-news","11":"tag-featurednews","12":"tag-headlines","13":"tag-huvudnyheter","14":"tag-latest-news","15":"tag-latestnews","16":"tag-main-news","17":"tag-mainnews","18":"tag-news","19":"tag-nyheter","20":"tag-organization-aik-hockey","21":"tag-organization-orebro-hockey","22":"tag-rubriker","23":"tag-se","24":"tag-sections-ishockey","25":"tag-sections-shl","26":"tag-svenska","27":"tag-sverige","28":"tag-sweden","29":"tag-swedish","30":"tag-top-stories","31":"tag-topstories"},"share_on_mastodon":{"url":"https:\/\/pubeurope.com\/@se\/115888816294779892","error":""},"_links":{"self":[{"href":"https:\/\/www.europesays.com\/se\/wp-json\/wp\/v2\/posts\/134601","targetHints":{"allow":["GET"]}}],"collection":[{"href":"https:\/\/www.europesays.com\/se\/wp-json\/wp\/v2\/posts"}],"about":[{"href":"https:\/\/www.europesays.com\/se\/wp-json\/wp\/v2\/types\/post"}],"author":[{"embeddable":true,"href":"https:\/\/www.europesays.com\/se\/wp-json\/wp\/v2\/users\/2"}],"replies":[{"embeddable":true,"href":"https:\/\/www.europesays.com\/se\/wp-json\/wp\/v2\/comments?post=134601"}],"version-history":[{"count":0,"href":"https:\/\/www.europesays.com\/se\/wp-json\/wp\/v2\/posts\/134601\/revisions"}],"wp:featuredmedia":[{"embeddable":true,"href":"https:\/\/www.europesays.com\/se\/wp-json\/wp\/v2\/media\/134602"}],"wp:attachment":[{"href":"https:\/\/www.europesays.com\/se\/wp-json\/wp\/v2\/media?parent=134601"}],"wp:term":[{"taxonomy":"category","embeddable":true,"href":"https:\/\/www.europesays.com\/se\/wp-json\/wp\/v2\/categories?post=134601"},{"taxonomy":"post_tag","embeddable":true,"href":"https:\/\/www.europesays.com\/se\/wp-json\/wp\/v2\/tags?post=134601"}],"curies":[{"name":"wp","href":"https:\/\/api.w.org\/{rel}","templated":true}]}}