{"id":134603,"date":"2026-01-13T16:50:06","date_gmt":"2026-01-13T16:50:06","guid":{"rendered":"https:\/\/www.europesays.com\/se\/134603\/"},"modified":"2026-01-13T16:50:06","modified_gmt":"2026-01-13T16:50:06","slug":"karlsson-uppsatt-pa-skadelistan-av-penguins","status":"publish","type":"post","link":"https:\/\/www.europesays.com\/se\/134603\/","title":{"rendered":"Karlsson uppsatt p\u00e5 skadelistan av Penguins"},"content":{"rendered":"<p>Erik Karlsson kommer missa minst tv\u00e5 veckor. Det uppger Pittsburgh Penguins som satte backen p\u00e5 skadelistan p\u00e5 tisdagen.<\/p>\n<p>Karlsson dras med en underkroppsskada meddelar Penguins, som kommer unders\u00f6ka honom igen om tv\u00e5 veckor. Karlsson spelade 23:12 i Penguins 0-1-f\u00f6rlust mot Boston Bruins i s\u00f6ndags. Han har gjort 33 po\u00e4ng (4+29) p\u00e5 44 matcher den h\u00e4r s\u00e4songen.<\/p>\n<p>Karlson \u00e4r en av \u00e5tta uttagna backar till den svenska truppen som ska spela Vinter-OS 2026 i Milano Cortina. Turneringen inleds den 11 februari.<\/p>\n","protected":false},"excerpt":{"rendered":"Erik Karlsson kommer missa minst tv\u00e5 veckor. Det uppger Pittsburgh Penguins som satte backen p\u00e5 skadelistan p\u00e5 tisdagen.&hellip;\n","protected":false},"author":2,"featured_media":134604,"comment_status":"","ping_status":"","sticky":false,"template":"","format":"standard","meta":{"footnotes":""},"categories":[68],"tags":[34,111,110,31,33,32,30],"class_list":{"0":"post-134603","1":"post","2":"type-post","3":"status-publish","4":"format-standard","5":"has-post-thumbnail","7":"category-sport","8":"tag-se","9":"tag-sport","10":"tag-sports","11":"tag-svenska","12":"tag-sverige","13":"tag-sweden","14":"tag-swedish"},"share_on_mastodon":{"url":"https:\/\/pubeurope.com\/@se\/115888824187769884","error":""},"_links":{"self":[{"href":"https:\/\/www.europesays.com\/se\/wp-json\/wp\/v2\/posts\/134603","targetHints":{"allow":["GET"]}}],"collection":[{"href":"https:\/\/www.europesays.com\/se\/wp-json\/wp\/v2\/posts"}],"about":[{"href":"https:\/\/www.europesays.com\/se\/wp-json\/wp\/v2\/types\/post"}],"author":[{"embeddable":true,"href":"https:\/\/www.europesays.com\/se\/wp-json\/wp\/v2\/users\/2"}],"replies":[{"embeddable":true,"href":"https:\/\/www.europesays.com\/se\/wp-json\/wp\/v2\/comments?post=134603"}],"version-history":[{"count":0,"href":"https:\/\/www.europesays.com\/se\/wp-json\/wp\/v2\/posts\/134603\/revisions"}],"wp:featuredmedia":[{"embeddable":true,"href":"https:\/\/www.europesays.com\/se\/wp-json\/wp\/v2\/media\/134604"}],"wp:attachment":[{"href":"https:\/\/www.europesays.com\/se\/wp-json\/wp\/v2\/media?parent=134603"}],"wp:term":[{"taxonomy":"category","embeddable":true,"href":"https:\/\/www.europesays.com\/se\/wp-json\/wp\/v2\/categories?post=134603"},{"taxonomy":"post_tag","embeddable":true,"href":"https:\/\/www.europesays.com\/se\/wp-json\/wp\/v2\/tags?post=134603"}],"curies":[{"name":"wp","href":"https:\/\/api.w.org\/{rel}","templated":true}]}}