{"id":134606,"date":"2026-01-13T16:55:16","date_gmt":"2026-01-13T16:55:16","guid":{"rendered":"https:\/\/www.europesays.com\/se\/134606\/"},"modified":"2026-01-13T16:55:16","modified_gmt":"2026-01-13T16:55:16","slug":"sa-undviker-du-olyckor-nar-barnen-bygger-snogrottor","status":"publish","type":"post","link":"https:\/\/www.europesays.com\/se\/134606\/","title":{"rendered":"S\u00e5 undviker du olyckor n\u00e4r barnen bygger sn\u00f6grottor"},"content":{"rendered":"<p class=\"sc-c25743f0-0 sc-e37c0145-2 hObFds DQgPn\">P\u00e5 m\u00e5ndagen intr\u00e4ffade en allvarlig olycka p\u00e5 en l\u00e5g- och mellanstadieskola i Nordanstigs kommun n\u00e4r en sn\u00f6grotta rasade in \u00f6ver ett barn. Pojken f\u00f6rdes till sjukhus med allvarliga skador och skolans krisgrupp aktiverades. <\/p>\n<p class=\"sc-c25743f0-0 sc-e37c0145-2 hObFds DQgPn\">\u00d6verlevnadsexperten Matthew Larsson-Clifford har sj\u00e4lv erfarenhet av sn\u00f6grottor och har varit med om att taket kollapsat. Han k\u00e4nner inte till de exakta omst\u00e4ndigheterna kring olyckan i Nordanstig. Rent generellt menar han att konsekvenserna kan bli mycket allvarliga, \u00e4ven om olyckor \u00e4r s\u00e4llsynta.<\/p>\n<p class=\"sc-c25743f0-0 sc-e37c0145-2 hObFds DQgPn\">\u2013 N\u00e4r sn\u00f6n \u00e4r packad av plog eller traktor blir den n\u00e4stan tung som betong. Om taket rasar \u00e4r det v\u00e4ldigt sv\u00e5rt att ta sig ut sj\u00e4lv och det blir n\u00e4stan som en lavin faktiskt, s\u00e4ger Matthew och till\u00e4gger:<\/p>\n<p class=\"sc-c25743f0-0 sc-e37c0145-2 hObFds DQgPn\">\u2013 Det \u00e4r som att f\u00e5 ett betongblock \u00f6ver sig. Det \u00e4r stor skillnad mot fluffig sn\u00f6, s\u00e4ger han.<\/p>\n<p>S\u00e5 ska barnen leka <\/p>\n<p class=\"sc-c25743f0-0 sc-e37c0145-2 hObFds DQgPn\">Trots riskerna vill Matthew inte att barn ska sluta leka i sn\u00f6n. Han tycker att sn\u00f6lek \u00e4r en viktig del av barndomen, men problemet uppst\u00e5r n\u00e4r barn gr\u00e4ver djupt i stora sn\u00f6h\u00f6gar, enligt honom.<\/p>\n<p class=\"sc-c25743f0-0 sc-e37c0145-2 hObFds DQgPn\">\u2013 Jag \u00e4lskar att barn f\u00e5r vara ute och ha sina sm\u00e5 \u00e4ventyr. Men det blir farligt n\u00e4r de gr\u00e4ver l\u00e5ngt in under en stor h\u00f6g. Om den kollapsar \u00e4r det mycket vikt ovanf\u00f6r, och d\u00e5 \u00e4r det sv\u00e5rt att komma ut, s\u00e4ger han.<\/p>\n<p class=\"sc-c25743f0-0 sc-e37c0145-2 hObFds DQgPn\">I st\u00e4llet rekommenderar han att barn bygger sina egna sm\u00e5 h\u00f6gar och gr\u00e4ver ut dem som en igloo. <\/p>\n<p class=\"sc-c25743f0-0 sc-e37c0145-2 hObFds DQgPn\">\u2013 D\u00e5 \u00e4r det bara 20\u201340 centimeter sn\u00f6 ovanf\u00f6r, och om det rasar \u00e4r det oftast ingen fara, s\u00e4ger han.<\/p>\n<p class=\"sc-c25743f0-0 sc-e37c0145-2 hObFds DQgPn\">Han f\u00f6rklarar ocks\u00e5 att barn alltid ska ha en vuxen med sig som kan gr\u00e4va ut barnet om det sker en olycka.<\/p>\n<p class=\"sc-c25743f0-0 sc-e37c0145-2 hObFds DQgPn\">\u2013 Det \u00e4r \u00e4ven viktigt att ha en spade n\u00e4ra, s\u00e4ger Matthew.<\/p>\n<p>F\u00f6resl\u00e5r utbildning <\/p>\n<p class=\"sc-c25743f0-0 sc-e37c0145-2 hObFds DQgPn\">Matthew po\u00e4ngterar att det ibland r\u00f6r sig om kunskapsbrist. <\/p>\n<p class=\"sc-c25743f0-0 sc-e37c0145-2 hObFds DQgPn\">\u2013 Sannolikheten f\u00f6r att en olycka sker \u00e4r liten, men konsekvensen kan bli v\u00e4ldigt stor. Lite kunskap kan undvika olyckor. Det handlar om att veta var det \u00e4r s\u00e4kert att gr\u00e4va och var det inte \u00e4r det, s\u00e4ger han. <\/p>\n<p class=\"sc-c25743f0-0 sc-e37c0145-2 hObFds DQgPn\">Han f\u00f6resl\u00e5r att alla skolor ger en kort genomg\u00e5ng f\u00f6r rastvakter och l\u00e4rare om hur man bed\u00f6mer riskerna.<\/p>\n<p class=\"sc-c25743f0-0 sc-e37c0145-2 hObFds DQgPn\">\u2013 Kanske till och med f\u00f6r f\u00f6r\u00e4ldrar ocks\u00e5, f\u00f6r det \u00e4r inte om\u00f6jligt att det sker p\u00e5 hemmaplan. Men jag vill samtidigt inte s\u00e4ga att det \u00e4r farligt att leka i sn\u00f6n, f\u00f6r det \u00e4r en del av uppv\u00e4xten h\u00e4r. <\/p>\n","protected":false},"excerpt":{"rendered":"P\u00e5 m\u00e5ndagen intr\u00e4ffade en allvarlig olycka p\u00e5 en l\u00e5g- och mellanstadieskola i Nordanstigs kommun n\u00e4r en sn\u00f6grotta rasade&hellip;\n","protected":false},"author":2,"featured_media":134607,"comment_status":"","ping_status":"","sticky":false,"template":"","format":"standard","meta":{"footnotes":""},"categories":[12],"tags":[22,23,26,27,17,21,24,25,28,29,15,16,18,34,31,33,32,30,19,20],"class_list":{"0":"post-134606","1":"post","2":"type-post","3":"status-publish","4":"format-standard","5":"has-post-thumbnail","7":"category-sverige","8":"tag-breaking-news","9":"tag-breakingnews","10":"tag-featured-news","11":"tag-featurednews","12":"tag-headlines","13":"tag-huvudnyheter","14":"tag-latest-news","15":"tag-latestnews","16":"tag-main-news","17":"tag-mainnews","18":"tag-news","19":"tag-nyheter","20":"tag-rubriker","21":"tag-se","22":"tag-svenska","23":"tag-sverige","24":"tag-sweden","25":"tag-swedish","26":"tag-top-stories","27":"tag-topstories"},"share_on_mastodon":{"url":"https:\/\/pubeurope.com\/@se\/115888843875639588","error":""},"_links":{"self":[{"href":"https:\/\/www.europesays.com\/se\/wp-json\/wp\/v2\/posts\/134606","targetHints":{"allow":["GET"]}}],"collection":[{"href":"https:\/\/www.europesays.com\/se\/wp-json\/wp\/v2\/posts"}],"about":[{"href":"https:\/\/www.europesays.com\/se\/wp-json\/wp\/v2\/types\/post"}],"author":[{"embeddable":true,"href":"https:\/\/www.europesays.com\/se\/wp-json\/wp\/v2\/users\/2"}],"replies":[{"embeddable":true,"href":"https:\/\/www.europesays.com\/se\/wp-json\/wp\/v2\/comments?post=134606"}],"version-history":[{"count":0,"href":"https:\/\/www.europesays.com\/se\/wp-json\/wp\/v2\/posts\/134606\/revisions"}],"wp:featuredmedia":[{"embeddable":true,"href":"https:\/\/www.europesays.com\/se\/wp-json\/wp\/v2\/media\/134607"}],"wp:attachment":[{"href":"https:\/\/www.europesays.com\/se\/wp-json\/wp\/v2\/media?parent=134606"}],"wp:term":[{"taxonomy":"category","embeddable":true,"href":"https:\/\/www.europesays.com\/se\/wp-json\/wp\/v2\/categories?post=134606"},{"taxonomy":"post_tag","embeddable":true,"href":"https:\/\/www.europesays.com\/se\/wp-json\/wp\/v2\/tags?post=134606"}],"curies":[{"name":"wp","href":"https:\/\/api.w.org\/{rel}","templated":true}]}}