{"id":134608,"date":"2026-01-13T16:56:14","date_gmt":"2026-01-13T16:56:14","guid":{"rendered":"https:\/\/www.europesays.com\/se\/134608\/"},"modified":"2026-01-13T16:56:14","modified_gmt":"2026-01-13T16:56:14","slug":"de-avslutar-sitt-politiska-samarbete-ostersunds-posten","status":"publish","type":"post","link":"https:\/\/www.europesays.com\/se\/134608\/","title":{"rendered":"De avslutar sitt politiska samarbete &#8211; \u00d6stersunds-Posten"},"content":{"rendered":"<ol>\n<li><a href=\"https:\/\/news.google.com\/rss\/articles\/CBMidEFVX3lxTE8xMG5PdUV2NjdfbGJDZzJ5cVBrX1dYbzRPQ1FnLV9MZWY2RFA5cGpDdllNUkVZU242dFdCUEdMX3NxdGdXVm9fRk9OSmNhTnRqa1F3OWxZMGtUOGx3ekt3LUlvZHU0T1RTUllOanZ0TmtLdkMx?oc=5\" target=\"_blank\" rel=\"nofollow noopener\">De avslutar sitt politiska samarbete<\/a>&nbsp;&nbsp;\u00d6stersunds-Posten<\/li>\n<li><a href=\"https:\/\/news.google.com\/rss\/articles\/CBMinAFBVV95cUxNcEZmbnJLR0FFSnFSd0RiYWJFV3ZmNnNUQ0JjZ0lKdnpsQktJdktHZVpGMUhhQjd4MkRwQUlPeG5ENGZUbEVRV2E2RkdyMUUwalZ6RDZDRlg1MUQ3d0NiNVJNTi1TaVBsanJZSF9jdTYwbC1DbnE2bUtwenJ4a3JoR3Y2NkQwZnlyYkhSTFgzSWQ0VlZuVjd4NzlZSl8?oc=5\" target=\"_blank\" rel=\"nofollow noopener\">Anton Hammar (S) om kritiken fr\u00e5n C: De vill skapa oreda<\/a>&nbsp;&nbsp;SVT Nyheter<\/li>\n<li><a href=\"https:\/\/news.google.com\/rss\/articles\/CBMiuAFBVV95cUxQUl9VNXlRMjNOQTJGeFh1aUUwWmZMLWF3WDNuZkNtb21IMXRwcm9xNHRVeE1jYXE3WEd4WlhUX0ZpU3ZzRm13MTdXUHd3WVR1YkM2dDllOFgyOTRELUduakZYVkRyaE9KT0JnMDdRQUJnTlNFQlN6YmRFdEdSY0RXYlk5ZXVmVUE0aHIwaVgtWjNPSUlYS3NqaWYxOGptelZaS0s3Tkw1MXAxRWxnQjcwRGRVUThHRnBO?oc=5\" target=\"_blank\" rel=\"nofollow noopener\">Centerpartiet i Ragunda: Saknar f\u00f6rtroende f\u00f6r kommunalr\u00e5det Anton Hammar (S)<\/a>&nbsp;&nbsp;SVT Nyheter<\/li>\n<li><a href=\"https:\/\/news.google.com\/rss\/articles\/CBMijAFBVV95cUxQYnRpaXB5akdFV2kyYVZVRmFlUklTX2xGc1hlZC1pa2hsbThBeHM5ZGc5U0tPR1hKa1ltSElXaVZoc3lIYXg4bzk5VFdjVE5MWmdyRl9lWVNXT3dCQmNlRWJRcFdWSVlIanJscTFWUVdReDRYTUppODNzQzMteUt6UFpXUG1va0k2N2ZfLQ?oc=5\" target=\"_blank\" rel=\"nofollow noopener\">Ragundastyret spricker \u2013 S och C g\u00e5r skilda v\u00e4gar<\/a>&nbsp;&nbsp;Sveriges Radio<\/li>\n<li><a href=\"https:\/\/news.google.com\/rss\/articles\/CBMiqgFBVV95cUxQSUJ1cVlyZ3dESk1XbHNua2RqUFVPNVhUN08wSmFTSEU1R3FwbFh0RFFkOWNNaEJwMl9JUnJMT1l1dHBXOUVJSGVTQ0EwaHNMcHJPWjNoR21uTWhsY3QwdUZNeFhqLXZMOC16a2wxdU5WbzI5UkdLXzhjekxoTFJOcHI5V3V4Y1l6RUViQ2RubFFBWHFIdEJRT29iQmlsanFGeklLQkp0c0FQdw?oc=5\" target=\"_blank\" rel=\"nofollow noopener\">Samarbetet spricker &#8211; Anton Hammar (S) i bl\u00e5sv\u00e4der direkt efter sjukskrivningen<\/a>&nbsp;&nbsp;ltz.se<\/li>\n<\/ol>\n","protected":false},"excerpt":{"rendered":"De avslutar sitt politiska samarbete&nbsp;&nbsp;\u00d6stersunds-Posten Anton Hammar (S) om kritiken fr\u00e5n C: De vill skapa oreda&nbsp;&nbsp;SVT Nyheter Centerpartiet&hellip;\n","protected":false},"author":2,"featured_media":134609,"comment_status":"","ping_status":"","sticky":false,"template":"","format":"standard","meta":{"footnotes":""},"categories":[5],"tags":[22,23,26,27,17,21,24,25,28,29,15,16,18,34,31,33,32,30,19,20],"class_list":{"0":"post-134608","1":"post","2":"type-post","3":"status-publish","4":"format-standard","5":"has-post-thumbnail","7":"category-rubriker","8":"tag-breaking-news","9":"tag-breakingnews","10":"tag-featured-news","11":"tag-featurednews","12":"tag-headlines","13":"tag-huvudnyheter","14":"tag-latest-news","15":"tag-latestnews","16":"tag-main-news","17":"tag-mainnews","18":"tag-news","19":"tag-nyheter","20":"tag-rubriker","21":"tag-se","22":"tag-svenska","23":"tag-sverige","24":"tag-sweden","25":"tag-swedish","26":"tag-top-stories","27":"tag-topstories"},"share_on_mastodon":{"url":"https:\/\/pubeurope.com\/@se\/115888847736269586","error":""},"_links":{"self":[{"href":"https:\/\/www.europesays.com\/se\/wp-json\/wp\/v2\/posts\/134608","targetHints":{"allow":["GET"]}}],"collection":[{"href":"https:\/\/www.europesays.com\/se\/wp-json\/wp\/v2\/posts"}],"about":[{"href":"https:\/\/www.europesays.com\/se\/wp-json\/wp\/v2\/types\/post"}],"author":[{"embeddable":true,"href":"https:\/\/www.europesays.com\/se\/wp-json\/wp\/v2\/users\/2"}],"replies":[{"embeddable":true,"href":"https:\/\/www.europesays.com\/se\/wp-json\/wp\/v2\/comments?post=134608"}],"version-history":[{"count":0,"href":"https:\/\/www.europesays.com\/se\/wp-json\/wp\/v2\/posts\/134608\/revisions"}],"wp:featuredmedia":[{"embeddable":true,"href":"https:\/\/www.europesays.com\/se\/wp-json\/wp\/v2\/media\/134609"}],"wp:attachment":[{"href":"https:\/\/www.europesays.com\/se\/wp-json\/wp\/v2\/media?parent=134608"}],"wp:term":[{"taxonomy":"category","embeddable":true,"href":"https:\/\/www.europesays.com\/se\/wp-json\/wp\/v2\/categories?post=134608"},{"taxonomy":"post_tag","embeddable":true,"href":"https:\/\/www.europesays.com\/se\/wp-json\/wp\/v2\/tags?post=134608"}],"curies":[{"name":"wp","href":"https:\/\/api.w.org\/{rel}","templated":true}]}}