{"id":134610,"date":"2026-01-13T16:58:10","date_gmt":"2026-01-13T16:58:10","guid":{"rendered":"https:\/\/www.europesays.com\/se\/134610\/"},"modified":"2026-01-13T16:58:10","modified_gmt":"2026-01-13T16:58:10","slug":"robin-22-missar-os-allt-gick-at-helvete","status":"publish","type":"post","link":"https:\/\/www.europesays.com\/se\/134610\/","title":{"rendered":"Robin, 22, missar OS: \u201dAllt gick \u00e5t helvete\u201d"},"content":{"rendered":"<p>Publicerad 13 jan 2026 kl 16.34Uppdaterad kl 17.51<\/p>\n<p>Robin Olg\u00e5rd, 22, hade precis blivit uttagen till sitt f\u00f6rsta OS.<\/p>\n<p>D\u00e5 kraschade puckel\u00e5karen och barndomsdr\u00f6mmen krossades.<\/p>\n<p>\u2013 Det \u00e4r hela mitt liv, jag kommer vara j\u00e4vligt vilsen, s\u00e4ger han.\u00a0<\/p>\n<p>Senaste sportklippen fr\u00e5n Expressen.<img   alt=\"\"\/><\/p>\n<p>Robin Olg\u00e5rd.<\/p>\n<p>Foto: JOHANNA S\u00c4LL \/ BILDBYR\u00c5N<\/p>\n<p>\u00d6ppna bild i helsk\u00e4rm<\/p>\n<p>Bara tre dagar innan hade Olg\u00e5rd f\u00e5tt beskedet om att han tagits ut till sitt f\u00f6rsta OS och under fredagen blev uttagningen ocks\u00e5 officiell.<\/p>\n<p>\u2013 Det var ett kvitto p\u00e5 allt h\u00e5rt jobb jag lagt ner. En dr\u00f6m sen jag varit ett barn som gick i uppfyllelse. Sen gick allt \u00e5t helvet.<\/p>\n<p>22-\u00e5ringen suckar.<\/p>\n<p>\u2013 Det \u00e4r fan typ det v\u00e4rsta som kunde h\u00e4nda tror jag. Du kan anv\u00e4nda det som rubrik: total kn\u00e4sallad.<\/p>\n<p>Total kn\u00e4sallad i det h\u00e4r fallet inneb\u00e4r: ett korsband som g\u00e5tt av, inbuktande menisk, slitning p\u00e5 b\u00e5de inre och yttre ledband.<\/p>\n<p>Robin Olg\u00e5rd kraschade under fredagens v\u00e4rldscupst\u00e4vling i Val Saint-Come, Kanada.\u00a0<\/p>\n<p>\u2013 Jag k\u00e4nde redan i kraschen att det sm\u00e4llde i kn\u00e4t och t\u00e4nkte \u201ddet var OS\u201d. Det tog n\u00e5gra dagar att sm\u00e4lta och man fattar inte riktigt vad som h\u00e4nt, puckel \u00e4r hela mitt liv. Och sen f\u00e5r jag det h\u00e4r beskedet, att jag ska vara borta ett helt \u00e5r. Jag kommer vara j\u00e4vligt vilsen utan puckel.<\/p>\n<p>S\u00f6ker jobb: \u201dKommer bli helt galen annars\u201d<\/p>\n<p>Talangen l\u00e4gger all sin tid p\u00e5 puckelpist.<\/p>\n<p>\u2013 Nu vet jag inte vad jag ska g\u00f6ra av min tid. Jag kanske m\u00e5ste b\u00f6rja plugga, kanske m\u00e5ste hitta ett jobb. Det \u00e4r en hel identitetskris, s\u00e4ger han med ett skratt.<\/p>\n<p><img loading=\"lazy\"   alt=\"\"\/><\/p>\n<p>I ene video p\u00e5 Tiktok s\u00f6ker han jobb, bland annat p\u00e5 Ica.<\/p>\n<p>Foto: Tiktok.<\/p>\n<p>\u00d6ppna bild i helsk\u00e4rm<\/p>\n<p>Direkt efter kraschen delade svensken ett klipp p\u00e5 Tiktok d\u00e4r han v\u00e4djade om ett jobb p\u00e5 Ica eller Coop i \u00c5re, eller varf\u00f6r inte p\u00e5 OKQ8.<\/p>\n<p>\u2013 Det var mer ett sk\u00e4mt, man var j\u00e4vligt uppe i varv i den situationen. Humorn blir lite av en f\u00f6rsvarsmekanism.<\/p>\n<p><strong>Men du beh\u00f6ver hitta en syssels\u00e4ttning?<\/strong><\/p>\n<p>\u2013 Ja, annars kommer jag bli helt galen. Jag m\u00e5ste hitta n\u00e5got nytt att g\u00f6ra.<\/p>\n<p><strong>Hur funkar det ekonomiskt?<\/strong><\/p>\n<p>\u2013 Det g\u00f6r det inte just nu. Jag m\u00e5ste skaffa ett jobb, annars kommer jag bara leva av p\u00e4ronen och det g\u00e5r ju inte som en 22-\u00e5ring.<\/p>\n<p>Han har precis f\u00e5tt resultatet fr\u00e5n MR-unders\u00f6kningen i Stockholm och ska snart \u00e5ka hem till \u00c5re.<\/p>\n<p>\u2013 Du kan l\u00e4gga ut ett litet reklamblad h\u00e4r: jag s\u00f6ker n\u00e5gon som kan operera mitt kn\u00e4. jag har f\u00e5tt ett alternativ, men jag vill kolla runt lite s\u00e5 jag f\u00e5r den b\u00e4sta, s\u00e4ger han med ett skratt.<\/p>\n","protected":false},"excerpt":{"rendered":"Publicerad 13 jan 2026 kl 16.34Uppdaterad kl 17.51 Robin Olg\u00e5rd, 22, hade precis blivit uttagen till sitt f\u00f6rsta&hellip;\n","protected":false},"author":2,"featured_media":134611,"comment_status":"","ping_status":"","sticky":false,"template":"","format":"standard","meta":{"footnotes":""},"categories":[68],"tags":[34,111,110,31,33,32,30],"class_list":{"0":"post-134610","1":"post","2":"type-post","3":"status-publish","4":"format-standard","5":"has-post-thumbnail","7":"category-sport","8":"tag-se","9":"tag-sport","10":"tag-sports","11":"tag-svenska","12":"tag-sverige","13":"tag-sweden","14":"tag-swedish"},"share_on_mastodon":{"url":"https:\/\/pubeurope.com\/@se\/115888855632468240","error":""},"_links":{"self":[{"href":"https:\/\/www.europesays.com\/se\/wp-json\/wp\/v2\/posts\/134610","targetHints":{"allow":["GET"]}}],"collection":[{"href":"https:\/\/www.europesays.com\/se\/wp-json\/wp\/v2\/posts"}],"about":[{"href":"https:\/\/www.europesays.com\/se\/wp-json\/wp\/v2\/types\/post"}],"author":[{"embeddable":true,"href":"https:\/\/www.europesays.com\/se\/wp-json\/wp\/v2\/users\/2"}],"replies":[{"embeddable":true,"href":"https:\/\/www.europesays.com\/se\/wp-json\/wp\/v2\/comments?post=134610"}],"version-history":[{"count":0,"href":"https:\/\/www.europesays.com\/se\/wp-json\/wp\/v2\/posts\/134610\/revisions"}],"wp:featuredmedia":[{"embeddable":true,"href":"https:\/\/www.europesays.com\/se\/wp-json\/wp\/v2\/media\/134611"}],"wp:attachment":[{"href":"https:\/\/www.europesays.com\/se\/wp-json\/wp\/v2\/media?parent=134610"}],"wp:term":[{"taxonomy":"category","embeddable":true,"href":"https:\/\/www.europesays.com\/se\/wp-json\/wp\/v2\/categories?post=134610"},{"taxonomy":"post_tag","embeddable":true,"href":"https:\/\/www.europesays.com\/se\/wp-json\/wp\/v2\/tags?post=134610"}],"curies":[{"name":"wp","href":"https:\/\/api.w.org\/{rel}","templated":true}]}}