{"id":134612,"date":"2026-01-13T17:01:07","date_gmt":"2026-01-13T17:01:07","guid":{"rendered":"https:\/\/www.europesays.com\/se\/134612\/"},"modified":"2026-01-13T17:01:07","modified_gmt":"2026-01-13T17:01:07","slug":"har-min-sambos-barn-ratt-att-arva-mitt-isk-sparande","status":"publish","type":"post","link":"https:\/\/www.europesays.com\/se\/134612\/","title":{"rendered":"Har min sambos barn r\u00e4tt att \u00e4rva mitt ISK-sparande?"},"content":{"rendered":"<p>Publicerad 13 jan 2026 kl 17.00<\/p>\n<p><img   alt=\"Hon har sparat ihop 500 000 kronor \u2013 och undrar om det kan bli s\u00e5 att sambons barn \u00e4rver dem. (Kvinnan p\u00e5 bilden har ingen koppling till l\u00e4sarfr\u00e5gan.)\"\/><\/p>\n<p>Hon har sparat ihop 500 000 kronor \u2013 och undrar om det kan bli s\u00e5 att sambons barn \u00e4rver dem. (Kvinnan p\u00e5 bilden har ingen koppling till l\u00e4sarfr\u00e5gan.) Foto: fizkes \/ Shutterstock<\/p>\n<p>Dela artikel<\/p>\n<p>Kopiera l\u00e4nk<\/p>\n<p>L\u00e4nk kopierad<\/p>\n<p><strong>Fr\u00e5ga:<\/strong> Jag \u00e4r sambo, och vi har var sitt s\u00e4rkullbarn. Vi har skrivit testamente d\u00e4r vi uttrycker att vi vill \u00e4rva varandra som gifta. Dock vet vi att s\u00e4rkullbarn har r\u00e4tt till sin laglott direkt efter f\u00f6r\u00e4lders d\u00f6d. Vi har gemensam ekonomi.\u00a0<\/p>\n<p>Jag har sparat till pensionen i m\u00e5nga \u00e5r och har cirka 500\u00a0000 kronor p\u00e5 ett ISK-konto i mitt namn. Jag undrar nu om dessa pengar ocks\u00e5 ing\u00e5r i laglotten till s\u00e4rkullbarnet? Allts\u00e5 att sambons barn \u00e4rver mina pensionsbesparingar om han avlider? Sambon har inget sparande, men v\u00e5r bil st\u00e5r i hans namn. Vi l\u00e4ser dina spalter med stort intresse, men juridiken \u00e4r sv\u00e5r.<\/p>\n","protected":false},"excerpt":{"rendered":"Publicerad 13 jan 2026 kl 17.00 Hon har sparat ihop 500 000 kronor \u2013 och undrar om det&hellip;\n","protected":false},"author":2,"featured_media":134613,"comment_status":"","ping_status":"","sticky":false,"template":"","format":"standard","meta":{"footnotes":""},"categories":[65],"tags":[72,70,71,103,34,1671,31,33,32,30,13632,12046],"class_list":{"0":"post-134612","1":"post","2":"type-post","3":"status-publish","4":"format-standard","5":"has-post-thumbnail","7":"category-ekonomi","8":"tag-business","9":"tag-economy","10":"tag-ekonomi","11":"tag-premium","12":"tag-se","13":"tag-sections-premium","14":"tag-svenska","15":"tag-sverige","16":"tag-sweden","17":"tag-swedish","18":"tag-topic-arv-testamente","19":"tag-topic-familjejuridik"},"share_on_mastodon":{"url":"https:\/\/pubeurope.com\/@se\/115888867437050784","error":""},"_links":{"self":[{"href":"https:\/\/www.europesays.com\/se\/wp-json\/wp\/v2\/posts\/134612","targetHints":{"allow":["GET"]}}],"collection":[{"href":"https:\/\/www.europesays.com\/se\/wp-json\/wp\/v2\/posts"}],"about":[{"href":"https:\/\/www.europesays.com\/se\/wp-json\/wp\/v2\/types\/post"}],"author":[{"embeddable":true,"href":"https:\/\/www.europesays.com\/se\/wp-json\/wp\/v2\/users\/2"}],"replies":[{"embeddable":true,"href":"https:\/\/www.europesays.com\/se\/wp-json\/wp\/v2\/comments?post=134612"}],"version-history":[{"count":0,"href":"https:\/\/www.europesays.com\/se\/wp-json\/wp\/v2\/posts\/134612\/revisions"}],"wp:featuredmedia":[{"embeddable":true,"href":"https:\/\/www.europesays.com\/se\/wp-json\/wp\/v2\/media\/134613"}],"wp:attachment":[{"href":"https:\/\/www.europesays.com\/se\/wp-json\/wp\/v2\/media?parent=134612"}],"wp:term":[{"taxonomy":"category","embeddable":true,"href":"https:\/\/www.europesays.com\/se\/wp-json\/wp\/v2\/categories?post=134612"},{"taxonomy":"post_tag","embeddable":true,"href":"https:\/\/www.europesays.com\/se\/wp-json\/wp\/v2\/tags?post=134612"}],"curies":[{"name":"wp","href":"https:\/\/api.w.org\/{rel}","templated":true}]}}