{"id":134616,"date":"2026-01-13T17:04:07","date_gmt":"2026-01-13T17:04:07","guid":{"rendered":"https:\/\/www.europesays.com\/se\/134616\/"},"modified":"2026-01-13T17:04:07","modified_gmt":"2026-01-13T17:04:07","slug":"puckelpist-robin-olgard-missar-os-kraschade-dagen-efter-uttagningen","status":"publish","type":"post","link":"https:\/\/www.europesays.com\/se\/134616\/","title":{"rendered":"Puckelpist: Robin Olg\u00e5rd missar OS \u2013 kraschade dagen efter uttagningen"},"content":{"rendered":"<p>Puckel\u00e5karen Robin Olg\u00e5rd kraschade under fredagens v\u00e4rldscupt\u00e4vling i Val Saint-Come i Kanada. <\/p>\n<p>\u2013 Jag k\u00e4nde redan i kraschen att det sm\u00e4llde i kn\u00e4t och t\u00e4nkte \u201ddet var OS\u201d, s\u00e4ger han till Expressen. <\/p>\n<p>En MR-unders\u00f6kningen visade att det handlar om ett draget korsband och skadad menisk. <\/p>\n<p>Han kan nu bli borta i ett \u00e5r \u2013 ett s\u00e4rskilt tungt besked f\u00f6r 22-\u00e5ringen som precis hade f\u00e5tt sin OS-biljett.<\/p>\n<p>Det var dagen innan, i fredags, som uttagningen hade blivit officiellt.<\/p>\n<p>\u2013 Det var ett kvitto p\u00e5 allt h\u00e5rt jobb jag lagt ner. En dr\u00f6m sen jag varit ett barn som gick i uppfyllelse. Sen gick allt \u00e5t helvet.<\/p>\n<p>OS i Milano Cortina invigs den 6 februari och s\u00e4nds i SVT och TV4.<\/p>\n","protected":false},"excerpt":{"rendered":"Puckel\u00e5karen Robin Olg\u00e5rd kraschade under fredagens v\u00e4rldscupt\u00e4vling i Val Saint-Come i Kanada. \u2013 Jag k\u00e4nde redan i kraschen&hellip;\n","protected":false},"author":2,"featured_media":134617,"comment_status":"","ping_status":"","sticky":false,"template":"","format":"standard","meta":{"footnotes":""},"categories":[5],"tags":[22,23,26,27,17,21,24,25,28,29,15,16,18,34,31,33,32,30,19,20],"class_list":{"0":"post-134616","1":"post","2":"type-post","3":"status-publish","4":"format-standard","5":"has-post-thumbnail","7":"category-rubriker","8":"tag-breaking-news","9":"tag-breakingnews","10":"tag-featured-news","11":"tag-featurednews","12":"tag-headlines","13":"tag-huvudnyheter","14":"tag-latest-news","15":"tag-latestnews","16":"tag-main-news","17":"tag-mainnews","18":"tag-news","19":"tag-nyheter","20":"tag-rubriker","21":"tag-se","22":"tag-svenska","23":"tag-sverige","24":"tag-sweden","25":"tag-swedish","26":"tag-top-stories","27":"tag-topstories"},"share_on_mastodon":{"url":"https:\/\/pubeurope.com\/@se\/115888879245028463","error":""},"_links":{"self":[{"href":"https:\/\/www.europesays.com\/se\/wp-json\/wp\/v2\/posts\/134616","targetHints":{"allow":["GET"]}}],"collection":[{"href":"https:\/\/www.europesays.com\/se\/wp-json\/wp\/v2\/posts"}],"about":[{"href":"https:\/\/www.europesays.com\/se\/wp-json\/wp\/v2\/types\/post"}],"author":[{"embeddable":true,"href":"https:\/\/www.europesays.com\/se\/wp-json\/wp\/v2\/users\/2"}],"replies":[{"embeddable":true,"href":"https:\/\/www.europesays.com\/se\/wp-json\/wp\/v2\/comments?post=134616"}],"version-history":[{"count":0,"href":"https:\/\/www.europesays.com\/se\/wp-json\/wp\/v2\/posts\/134616\/revisions"}],"wp:featuredmedia":[{"embeddable":true,"href":"https:\/\/www.europesays.com\/se\/wp-json\/wp\/v2\/media\/134617"}],"wp:attachment":[{"href":"https:\/\/www.europesays.com\/se\/wp-json\/wp\/v2\/media?parent=134616"}],"wp:term":[{"taxonomy":"category","embeddable":true,"href":"https:\/\/www.europesays.com\/se\/wp-json\/wp\/v2\/categories?post=134616"},{"taxonomy":"post_tag","embeddable":true,"href":"https:\/\/www.europesays.com\/se\/wp-json\/wp\/v2\/tags?post=134616"}],"curies":[{"name":"wp","href":"https:\/\/api.w.org\/{rel}","templated":true}]}}