{"id":134618,"date":"2026-01-13T17:06:06","date_gmt":"2026-01-13T17:06:06","guid":{"rendered":"https:\/\/www.europesays.com\/se\/134618\/"},"modified":"2026-01-13T17:06:06","modified_gmt":"2026-01-13T17:06:06","slug":"vandningen-landslagsmalvakten-blir-kvar-klar-for-tva-nya-ar-jattebra-nwt","status":"publish","type":"post","link":"https:\/\/www.europesays.com\/se\/134618\/","title":{"rendered":"V\u00c4NDNINGEN: Landslagsm\u00e5lvakten blir kvar \u2013 klar f\u00f6r tv\u00e5 nya \u00e5r: \u201dJ\u00e4ttebra\u201d &#8211; NWT"},"content":{"rendered":"<ol>\n<li><a href=\"https:\/\/news.google.com\/rss\/articles\/CBMimgFBVV95cUxNM0dwZXlGOGhhRy14QV8wekEyVEhmMldJLVFidGxOQXpvaTVtb1MxdnhqMHJ0M3BQcGo5YTladzZJNWt2YkcwWXJidjhOb2tRdGhLMDBEaGtCQjY1d2NEZWwxNl9UN0tUUVNRSV9BMFNmT2psRTRCeTBhejlvaHVFNTVWdWxIREZXV2JBeldMU3cteERKMDdzY1dB?oc=5\" target=\"_blank\" rel=\"nofollow noopener\">V\u00c4NDNINGEN: Landslagsm\u00e5lvakten blir kvar \u2013 klar f\u00f6r tv\u00e5 nya \u00e5r: \u201dJ\u00e4ttebra\u201d<\/a>&nbsp;&nbsp;NWT<\/li>\n<li><a href=\"https:\/\/news.google.com\/rss\/articles\/CBMiigFBVV95cUxOcEdrZVUtM1NJamI3LVd0SG1TM1gzNnNsU0VaRUNVZ25uelRTalcyY2tTX21mVW1FbHY5LWk5T0tkc09LZFU1WnIwelQ3ekhyYWI1N3Z6RTlUNVlGV3YtdGFSU29IU2FEZHhXamduSGpkRmJPNVlTY1JsQllrVzhqdzRNamlpM2Y0MUE?oc=5\" target=\"_blank\" rel=\"nofollow noopener\">Igonen f\u00f6rl\u00e4nger med Degerfors<\/a>&nbsp;&nbsp;Fotbollskanalen<\/li>\n<li><a href=\"https:\/\/news.google.com\/rss\/articles\/CBMidEFVX3lxTE1NbFZFdTNveF9TMjdVRXRxbGNvNFJhallBdmpFOUxnTlpiVmMxU0Q5dl9xb1lzSjg2c0hOR28ta1MxZHhmNkRqR1BPNS1GVEJmVTljZlVHT2NYOHVlSTNSRzZSbWZWc1NxampGTFBYYTdqLUhh?oc=5\" target=\"_blank\" rel=\"nofollow noopener\">Klart: Igonen f\u00f6rl\u00e4nger med Degerfors<\/a>&nbsp;&nbsp;Nerikes Allehanda<\/li>\n<li><a href=\"https:\/\/news.google.com\/rss\/articles\/CBMihwFBVV95cUxNcEtlbHRNc0p4N1ROSlNyWWIzZG5PVW9mT25wQTNuMUtZUm9ocDc2b0ZMM3RNTFJnVG9MdF94NTVQSElvQ0VEdjAwOVRNUnY0ODBRRjBVU256Y0RoaU5qS3dzUFdyRkdIckhlVG1PbU1WaXpEclBzajNjVTFDVk91NmtCdzdPa1E?oc=5\" target=\"_blank\" rel=\"nofollow noopener\">Officiellt: Igonen f\u00f6rl\u00e4nger med Degerfors<\/a>&nbsp;&nbsp;FotbollDirekt<\/li>\n<li><a href=\"https:\/\/news.google.com\/rss\/articles\/CBMimgFBVV95cUxOM0V4ZFlWcndNS0NCTWVNRUJTbDRSekVQdnp5TkZnc1g3VFpEc1JBdnZ1RWhxdlRfMHJ5VmlhSlFDbVJMZ1M2bHJmclV2MU9FNnZMWHZ6QkNnaEpjb3BrSVBGQ1dTdWpVWV9QVGFKaHdoVDkxYWJkaXRlTzFKRnAtODBtQl9XQzMtT1MybDBmcWJSd0FjYWw4cmJB?oc=5\" target=\"_blank\" rel=\"nofollow noopener\">KLART: Succ\u00e9m\u00e5lvakten f\u00f6rl\u00e4nger med Degerfors: \u201dVi \u00e4r v\u00e4ldigt glada\u201d<\/a>&nbsp;&nbsp;VF<\/li>\n<\/ol>\n","protected":false},"excerpt":{"rendered":"V\u00c4NDNINGEN: Landslagsm\u00e5lvakten blir kvar \u2013 klar f\u00f6r tv\u00e5 nya \u00e5r: \u201dJ\u00e4ttebra\u201d&nbsp;&nbsp;NWT Igonen f\u00f6rl\u00e4nger med Degerfors&nbsp;&nbsp;Fotbollskanalen Klart: Igonen f\u00f6rl\u00e4nger&hellip;\n","protected":false},"author":2,"featured_media":134619,"comment_status":"","ping_status":"","sticky":false,"template":"","format":"standard","meta":{"footnotes":""},"categories":[68],"tags":[34,111,110,31,33,32,30],"class_list":{"0":"post-134618","1":"post","2":"type-post","3":"status-publish","4":"format-standard","5":"has-post-thumbnail","7":"category-sport","8":"tag-se","9":"tag-sport","10":"tag-sports","11":"tag-svenska","12":"tag-sverige","13":"tag-sweden","14":"tag-swedish"},"share_on_mastodon":{"url":"https:\/\/pubeurope.com\/@se\/115888887070399221","error":""},"_links":{"self":[{"href":"https:\/\/www.europesays.com\/se\/wp-json\/wp\/v2\/posts\/134618","targetHints":{"allow":["GET"]}}],"collection":[{"href":"https:\/\/www.europesays.com\/se\/wp-json\/wp\/v2\/posts"}],"about":[{"href":"https:\/\/www.europesays.com\/se\/wp-json\/wp\/v2\/types\/post"}],"author":[{"embeddable":true,"href":"https:\/\/www.europesays.com\/se\/wp-json\/wp\/v2\/users\/2"}],"replies":[{"embeddable":true,"href":"https:\/\/www.europesays.com\/se\/wp-json\/wp\/v2\/comments?post=134618"}],"version-history":[{"count":0,"href":"https:\/\/www.europesays.com\/se\/wp-json\/wp\/v2\/posts\/134618\/revisions"}],"wp:featuredmedia":[{"embeddable":true,"href":"https:\/\/www.europesays.com\/se\/wp-json\/wp\/v2\/media\/134619"}],"wp:attachment":[{"href":"https:\/\/www.europesays.com\/se\/wp-json\/wp\/v2\/media?parent=134618"}],"wp:term":[{"taxonomy":"category","embeddable":true,"href":"https:\/\/www.europesays.com\/se\/wp-json\/wp\/v2\/categories?post=134618"},{"taxonomy":"post_tag","embeddable":true,"href":"https:\/\/www.europesays.com\/se\/wp-json\/wp\/v2\/tags?post=134618"}],"curies":[{"name":"wp","href":"https:\/\/api.w.org\/{rel}","templated":true}]}}