{"id":134621,"date":"2026-01-13T17:10:07","date_gmt":"2026-01-13T17:10:07","guid":{"rendered":"https:\/\/www.europesays.com\/se\/134621\/"},"modified":"2026-01-13T17:10:07","modified_gmt":"2026-01-13T17:10:07","slug":"maria-guggenberger-tilltrader-som-tillforordnad-generalsekreterare","status":"publish","type":"post","link":"https:\/\/www.europesays.com\/se\/134621\/","title":{"rendered":"Maria Guggenberger tilltr\u00e4der som tillf\u00f6rordnad generalsekreterare"},"content":{"rendered":"<p class=\"normal\">\u2013 Vi \u00e4r glada \u00f6ver att v\u00e4lkomna Maria Guggenberger som tillf\u00f6rordnad generalsekreterare. Med ett tydligt och tryggt ledarskap, en stark kommunikativ f\u00f6rm\u00e5ga och en bred erfarenhet fr\u00e5n olika verksamheter tar hon nu stafettpinnen f\u00f6r att tillsammans med v\u00e5ra medarbetare forts\u00e4tta utveckla kansliets professionella arbete. Marias engagemang och kompetens blir en viktig kraft i v\u00e5rt gemensamma arbete inf\u00f6r framtiden, s\u00e4ger Sandra Ruuda, ordf\u00f6rande Svenska Ridsportf\u00f6rbundet.<\/p>\n<p class=\"normal\">Maria Guggenberger har en l\u00e5ng och gedigen bakgrund inom h\u00e4stn\u00e4ringen. Under sina drygt tio \u00e5r p\u00e5 ATG m\u00f6jliggjorde hon flera projekt, satsningar och verksamheter inom h\u00e4stn\u00e4ringen, samtidigt som hon utvecklade och f\u00f6rst\u00e4rkte samarbetet med ridsporten. Under hennes ledning initierades bland annat utvecklingsprogrammet ATG Talang och hoppserien ATG Riders League. H\u00e4stens roll i samh\u00e4llet har varit en tydlig kompass i hennes arbete.<\/p>\n<p class=\"normal\">\u2013 H\u00e4starna g\u00f6r definitivt v\u00e5rt samh\u00e4lle b\u00e4ttre. En v\u00e4lm\u00e5ende h\u00e4stsport \u00e4r grunden f\u00f6r en stark h\u00e4stn\u00e4ring, och ridsporten som idrott har bevisligen en positiv inverkan p\u00e5 folkh\u00e4lsan. Jag vill g\u00e4rna bidra till att krafterna som ryms i den h\u00e4r fantastiska sporten enas och att v\u00e4gen fram\u00e5t blir tydlig b\u00e5de f\u00f6r medarbetarna p\u00e5 kansliet och v\u00e5ra f\u00f6rtroendevalda, s\u00e4ger Maria Guggenberger.<\/p>\n<p class=\"normal\">Tills\u00e4ttningen sker i samband med att f\u00f6rbundets generalsekreterare, Johan Fyrberg, har beslutat att l\u00e4mna sitt uppdrag.<\/p>\n<p class=\"normal\">&#8211; Vi har valt att tills\u00e4tta en tillf\u00f6rordnad generalsekreterare f\u00f6r att tillf\u00f6ra ny energi och leda arbetet fram till dess att en permanent l\u00f6sning \u00e4r p\u00e5 plats. Vi st\u00e5r inf\u00f6r ett intensivt \u00e5r d\u00e4r vi beh\u00f6ver v\u00e4xla upp arbetet och d\u00e4rf\u00f6r har vi efter en \u00f6msesidig dialog enats om att den b\u00e4sta l\u00f6sningen f\u00f6r b\u00e5da parter \u00e4r att Johan l\u00e4mnar redan nu, s\u00e4ger Sandra Ruuda, och forts\u00e4tter:<\/p>\n<p class=\"normal\">&#8211; Vi vill rikta ett varmt tack till Johan f\u00f6r hans insatser och engagemang f\u00f6r svensk ridsport och \u00f6nskar honom stort lycka till i framtiden.<\/p>\n","protected":false},"excerpt":{"rendered":"\u2013 Vi \u00e4r glada \u00f6ver att v\u00e4lkomna Maria Guggenberger som tillf\u00f6rordnad generalsekreterare. Med ett tydligt och tryggt ledarskap,&hellip;\n","protected":false},"author":2,"featured_media":134622,"comment_status":"","ping_status":"","sticky":false,"template":"","format":"standard","meta":{"footnotes":""},"categories":[14],"tags":[22,23,26,27,17,21,24,25,28,29,15,16,18,34,31,33,32,30,19,20,51,52,53,54],"class_list":{"0":"post-134621","1":"post","2":"type-post","3":"status-publish","4":"format-standard","5":"has-post-thumbnail","7":"category-varlden","8":"tag-breaking-news","9":"tag-breakingnews","10":"tag-featured-news","11":"tag-featurednews","12":"tag-headlines","13":"tag-huvudnyheter","14":"tag-latest-news","15":"tag-latestnews","16":"tag-main-news","17":"tag-mainnews","18":"tag-news","19":"tag-nyheter","20":"tag-rubriker","21":"tag-se","22":"tag-svenska","23":"tag-sverige","24":"tag-sweden","25":"tag-swedish","26":"tag-top-stories","27":"tag-topstories","28":"tag-varlden","29":"tag-world","30":"tag-world-news","31":"tag-worldnews"},"share_on_mastodon":{"url":"https:\/\/pubeurope.com\/@se\/115888902915548114","error":""},"_links":{"self":[{"href":"https:\/\/www.europesays.com\/se\/wp-json\/wp\/v2\/posts\/134621","targetHints":{"allow":["GET"]}}],"collection":[{"href":"https:\/\/www.europesays.com\/se\/wp-json\/wp\/v2\/posts"}],"about":[{"href":"https:\/\/www.europesays.com\/se\/wp-json\/wp\/v2\/types\/post"}],"author":[{"embeddable":true,"href":"https:\/\/www.europesays.com\/se\/wp-json\/wp\/v2\/users\/2"}],"replies":[{"embeddable":true,"href":"https:\/\/www.europesays.com\/se\/wp-json\/wp\/v2\/comments?post=134621"}],"version-history":[{"count":0,"href":"https:\/\/www.europesays.com\/se\/wp-json\/wp\/v2\/posts\/134621\/revisions"}],"wp:featuredmedia":[{"embeddable":true,"href":"https:\/\/www.europesays.com\/se\/wp-json\/wp\/v2\/media\/134622"}],"wp:attachment":[{"href":"https:\/\/www.europesays.com\/se\/wp-json\/wp\/v2\/media?parent=134621"}],"wp:term":[{"taxonomy":"category","embeddable":true,"href":"https:\/\/www.europesays.com\/se\/wp-json\/wp\/v2\/categories?post=134621"},{"taxonomy":"post_tag","embeddable":true,"href":"https:\/\/www.europesays.com\/se\/wp-json\/wp\/v2\/tags?post=134621"}],"curies":[{"name":"wp","href":"https:\/\/api.w.org\/{rel}","templated":true}]}}