{"id":134623,"date":"2026-01-13T17:11:28","date_gmt":"2026-01-13T17:11:28","guid":{"rendered":"https:\/\/www.europesays.com\/se\/134623\/"},"modified":"2026-01-13T17:11:28","modified_gmt":"2026-01-13T17:11:28","slug":"hal-i-huvudet-att-lyssna-pa-konsulter-men-inte-personalen-arbetet","status":"publish","type":"post","link":"https:\/\/www.europesays.com\/se\/134623\/","title":{"rendered":"\u201dH\u00e5l i huvudet\u201d att lyssna p\u00e5 konsulter men inte personalen \u2013 Arbetet"},"content":{"rendered":"<p>\t\t\t\t<img alt=\"Malin Ragneg\u00e5rd med brunt axell\u00e5ngt h\u00e5r st\u00e5r inomhus i gr\u00f6n kavaj och svart topp, med handen p\u00e5 ett r\u00e4cke och ser mot kameran.\" class=\"MediaWrapper-content BodyImage-imageObject\" src=\"https:\/\/www.europesays.com\/se\/wp-content\/uploads\/2026\/01\/malinragnegard-beskuren.jpg\" data-lazy-load-target=\"content\" width=\"1060\" height=\"706\" loading=\"lazy\" decoding=\"async\" fetchpriority=\"auto\"\/><\/p>\n<p>\n\t\t\t\t\tKommunals ordf\u00f6rande Malin Ragneg\u00e5rd \u00e4r uppr\u00f6rd \u00f6ver att kommunerna anv\u00e4nder s\u00e5 mycket pengar p\u00e5 konsulter som f\u00f6resl\u00e5r besparingar. Lyssna p\u00e5 personalen ist\u00e4llet, \u00e4r hennes uppmaning.<br \/>\n\t\t\t\t\t\t\tFoto: Filip Erlind\n\t\t\t\t\t\t\t\t\t<\/p>\n<p>\t\t\t\t\t\t\t\t\t\tArtikeln i korthet<\/p>\n<ul>\n<li>Kommuner i Sverige anlitar konsultbolag, som Ensolution AB, f\u00f6r att hitta s\u00e4tt att spara p\u00e5 \u00e4ldreomsorgen. Ensolution har fakturerar svenska kommuner 175 miljoner kronor de senaste fyra \u00e5ren.<\/li>\n<li>Fackf\u00f6rbundet Kommunal kritiserar tillv\u00e4gag\u00e5ngss\u00e4ttet och menar att det \u00e4r respektl\u00f6st att inte dra nytta av den erfarenhet som finns hos v\u00e5rdpersonalen. De uppmanar politiker att inte blint f\u00f6lja konsultrapporterna utan ta eget ansvar.<\/li>\n<li>Kommunal ser nu ett behov av att unders\u00f6ka om kommunerna f\u00f6ljt samverkansavtal och medbest\u00e4mmandelagen, MBL, i samband med att konsulterna anlitats.<\/li>\n<\/ul>\n<p class=\"FactBox-disclaimer\">Denna sammanfattning har gjorts med st\u00f6d av AI och \u00e4r kvalitetss\u00e4krad av en redaktionell medarbetare. <a href=\"https:\/\/arbetet.se\/ai-policy-lo-mediehus\/\" rel=\"nofollow noopener\" target=\"_blank\">L\u00e4s v\u00e5r AI-policy.<\/a><\/p>\n<p>\t\t\t\t\tL\u00e4s mer\n\t\t\t<\/p>\n<p>Sveriges kommuner anlitar konsultbolag i stor omfattning f\u00f6r uppdrag inom v\u00e5rd och omsorg, visar Kommunalarbetarens granskning, ofta f\u00f6r att hitta besparingar.\u00a0Den\u00a0st\u00f6rsta akt\u00f6ren p\u00e5 omr\u00e5det \u00e4r\u00a0Ensolution\u00a0AB, som sj\u00e4lva kallar sig landets ledande kommunr\u00e5dgivare.\u00a0<\/p>\n<p>De senaste fyra \u00e5ren har\u00a0Ensolution\u00a0dragit in 175 miljoner kronor, bara p\u00e5 uppdrag inom v\u00e5rd och omsorg.\u00a0I sitt arbete intervjuar de nyckelpersoner i kommunerna, s\u00e4ger de sj\u00e4lva. Men till nyckelpersonerna h\u00f6r inte v\u00e5rdpersonalen.\u00a0<\/p>\n<p>\u201dRespektl\u00f6st att inte lyssna\u201d<\/p>\n<p>Kommunals Malin Ragneg\u00e5rd blir mycket uppr\u00f6rd n\u00e4r hon tar del av Kommunalarbetarens granskning.\u00a0<\/p>\n<p>\u2013 Det g\u00e5r inte att anlita konsulter\u202fsom ska sitta och ber\u00e4tta hur en undersk\u00f6terska som har jobbat i 30 \u00e5r ska utf\u00f6ra sitt arbete.\u202fDet \u00e4r respektl\u00f6st\u202fatt inte lyssna p\u00e5 alla\u202fanst\u00e4llda som har s\u00e5 mycket erfarenhet och kompetens.\u202f\u202f\u00a0<\/p>\n<p>Hon tycker att politikerna i kommunerna m\u00e5ste kliva fram och inte g\u00f6mma sig bakom\u202fkonsultrapporter.\u202f\u202f\u00a0<\/p>\n<p>\u2013 Bara f\u00f6r att man varit dum nog att best\u00e4lla en rapport fr\u00e5n konsulter s\u00e5 beh\u00f6ver man inte genomf\u00f6ra det de kommit fram till, s\u00e4ger Malin Ragneg\u00e5rd.\u202f\u00a0<\/p>\n<p>Kommunal: SKR b\u00f6r ta ansvar<\/p>\n<p>Hon tycker ocks\u00e5 att Sveriges Kommuner och Regioner, SKR, har ett ansvar att ta h\u00e4r.\u00a0\u00a0<\/p>\n<p>\u2013\u202fVi har en massa arbetsgrupper gemensamt\u00a0med\u00a0SKR\u00a0och sen h\u00e5ller\u00a0kommunerna\u00a0p\u00e5 med s\u00e5dant h\u00e4r.\u00a0\u00a0<\/p>\n<p>Att det f\u00f6rekommer konsultbolag i v\u00e5rd- och omsorgssektorn \u00e4r ingen nyhet i sig. Men att det sker i den h\u00e4r omfattningen, som Kommunalarbetaren visat, \u00e4r inget Kommunal har k\u00e4nt till.<\/p>\n<p>\u2013\u202fVi f\u00e5r se hur vi ska agera. Nu har vi utifr\u00e5n er sammanst\u00e4llning m\u00f6jlighet att kunna kartl\u00e4gga sj\u00e4lva och se vad vi beh\u00f6ver st\u00f6tta upp med och vad vi kan g\u00f6ra. Det h\u00e4r \u00f6ppnar upp f\u00f6r en massa fr\u00e5gor som vi beh\u00f6ver titta p\u00e5 och hantera.\u00a0<\/p>\n<p>En \u00f6gon\u00f6ppnare<\/p>\n<p>Som exempel p\u00e5 fr\u00e5gor Kommunal\u00a0borde titta n\u00e4rmare p\u00e5 n\u00e4mner hon\u00a0hur samverkansavtalen i kommunerna mellan fack och arbetsgivare har efterlevts, har det gjorts riskbed\u00f6mningar, har medbest\u00e4mmandelagen, MBL, efterlevts?\u00a0<\/p>\n<p>\u2013\u202fJag hoppas verkligen att det h\u00e4r blir en \u00f6gon\u00f6ppnare, inte minst f\u00f6r politikerna som styr de h\u00e4r kommunerna, s\u00e4ger Malin Ragneg\u00e5rd.\u00a0<\/p>\n<p>Vi har s\u00f6kt SKR:s ordf\u00f6rande Anders Henriksson (S) f\u00f6r en kommentar.<\/p>\n","protected":false},"excerpt":{"rendered":"Kommunals ordf\u00f6rande Malin Ragneg\u00e5rd \u00e4r uppr\u00f6rd \u00f6ver att kommunerna anv\u00e4nder s\u00e5 mycket pengar p\u00e5 konsulter som f\u00f6resl\u00e5r besparingar.&hellip;\n","protected":false},"author":2,"featured_media":134624,"comment_status":"","ping_status":"","sticky":false,"template":"","format":"standard","meta":{"footnotes":""},"categories":[12],"tags":[22,23,26,27,17,21,24,25,28,29,15,16,18,34,31,33,32,30,19,20],"class_list":{"0":"post-134623","1":"post","2":"type-post","3":"status-publish","4":"format-standard","5":"has-post-thumbnail","7":"category-sverige","8":"tag-breaking-news","9":"tag-breakingnews","10":"tag-featured-news","11":"tag-featurednews","12":"tag-headlines","13":"tag-huvudnyheter","14":"tag-latest-news","15":"tag-latestnews","16":"tag-main-news","17":"tag-mainnews","18":"tag-news","19":"tag-nyheter","20":"tag-rubriker","21":"tag-se","22":"tag-svenska","23":"tag-sverige","24":"tag-sweden","25":"tag-swedish","26":"tag-top-stories","27":"tag-topstories"},"share_on_mastodon":{"url":"https:\/\/pubeurope.com\/@se\/115888906893118530","error":""},"_links":{"self":[{"href":"https:\/\/www.europesays.com\/se\/wp-json\/wp\/v2\/posts\/134623","targetHints":{"allow":["GET"]}}],"collection":[{"href":"https:\/\/www.europesays.com\/se\/wp-json\/wp\/v2\/posts"}],"about":[{"href":"https:\/\/www.europesays.com\/se\/wp-json\/wp\/v2\/types\/post"}],"author":[{"embeddable":true,"href":"https:\/\/www.europesays.com\/se\/wp-json\/wp\/v2\/users\/2"}],"replies":[{"embeddable":true,"href":"https:\/\/www.europesays.com\/se\/wp-json\/wp\/v2\/comments?post=134623"}],"version-history":[{"count":0,"href":"https:\/\/www.europesays.com\/se\/wp-json\/wp\/v2\/posts\/134623\/revisions"}],"wp:featuredmedia":[{"embeddable":true,"href":"https:\/\/www.europesays.com\/se\/wp-json\/wp\/v2\/media\/134624"}],"wp:attachment":[{"href":"https:\/\/www.europesays.com\/se\/wp-json\/wp\/v2\/media?parent=134623"}],"wp:term":[{"taxonomy":"category","embeddable":true,"href":"https:\/\/www.europesays.com\/se\/wp-json\/wp\/v2\/categories?post=134623"},{"taxonomy":"post_tag","embeddable":true,"href":"https:\/\/www.europesays.com\/se\/wp-json\/wp\/v2\/tags?post=134623"}],"curies":[{"name":"wp","href":"https:\/\/api.w.org\/{rel}","templated":true}]}}