{"id":134625,"date":"2026-01-13T17:12:09","date_gmt":"2026-01-13T17:12:09","guid":{"rendered":"https:\/\/www.europesays.com\/se\/134625\/"},"modified":"2026-01-13T17:12:09","modified_gmt":"2026-01-13T17:12:09","slug":"barn-fordes-bort-och-bilar-sattes-i-brand-sju-atalas","status":"publish","type":"post","link":"https:\/\/www.europesays.com\/se\/134625\/","title":{"rendered":"Barn f\u00f6rdes bort och bilar sattes i brand \u2013 sju \u00e5talas"},"content":{"rendered":"<p class=\"ort\">Huddinge\/J\u00e4rf\u00e4lla<\/p>\n<p class=\"text\">Upprinnelsen \u00e4r ett LVU-\u00e4rende och handlar om tre barn som placerats i familjehem. Och en pappa som enligt polisen mots\u00e4tter sig beslut som tagits av socialtj\u00e4nsten.<\/p>\n<p class=\"text\">Totalt st\u00e5r <a target=\"_blank\" rel=\"noopener nofollow\" href=\"https:\/\/www.mitti.se\/nyheter\/sju-personer-atalas-for-grovt-brott-mot-tjansteman-6.3.339518.8f5c1ab7e3\">sju personer \u00e5talade<\/a>, fem m\u00e4n och tv\u00e5 kvinnor.<\/p>\n<p class=\"text\">\u2013 Anstiftaren \u00e4r pappan och han befinner sig i utomlands i ett land som vi inte har utl\u00e4mningsavtal med, s\u00e5 honom kan vi inte \u00e5tala. Genom kontakter har han hittat utf\u00f6rare h\u00e4r i Sverige. M\u00e5h\u00e4nda har de mer eller mindre kunskap om varandra sedan tidigare, men de flesta \u00e4r ok\u00e4nda f\u00f6r varandra, s\u00e4ger Johan Allard, \u00e4rendeansvarig vid polisen.<\/p>\n<p>Ska ha tagits utomlands<\/p>\n<p class=\"text\">Brotten ska ha beg\u00e5tts mellan mars och juni 2025. Fem av de \u00e5talade, fyra m\u00e4n och en kvinna, misst\u00e4nks ha f\u00f6rt bort de jourhemsplacerade barnen, som alla \u00e4r under 15 \u00e5r, fr\u00e5n sitt familjehem i J\u00e4rf\u00e4lla den 3 mars i fjol. Barnen f\u00f6rdes utomlands och ska enligt \u00e5talet ha utsatts f\u00f6r fara. Undanh\u00e5llandet p\u00e5gick fram till mitten av april. <\/p>\n<p class=\"text\">De fem \u00e5talas ocks\u00e5 f\u00f6r \u00f6vergrepp i r\u00e4ttssak f\u00f6r att med v\u00e5ld och hot om v\u00e5ld ha angripit  familjehemmet f\u00f6r att hindra dem att g\u00f6ra en polisanm\u00e4lan. De utsattes \u00e4ven senare f\u00f6r ett brandattentat. <\/p>\n<p class=\"text\">En av de fem personerna, en man i 40-\u00e5rs\u00e5ldern, \u00e5talas f\u00f6r samtliga brott. <\/p>\n<p class=\"text\">\u2013 En av de \u00e5talade \u00e4r barnens mamma, men det \u00e4r inte hon som har organiserat det hela, s\u00e4ger Johan Allard.<\/p>\n<p>T\u00e4nt eld p\u00e5 bilar<\/p>\n<p class=\"text\">Men det slutar inte vid bortf\u00f6randet av barnen och de misst\u00e4nkta brotten mot familjehemmet. Flera grova brott har ocks\u00e5 riktats mot tj\u00e4nstepersoner och f\u00f6rtroendevalda i Huddinge kommun. <\/p>\n<p class=\"text\">I april f\u00f6rra \u00e5ret sattes en bil i brand i Huddinge som tillh\u00f6rde en f\u00f6rtroendevald politiker. Den \u00e5talade 40-\u00e5ringen misst\u00e4nks f\u00f6r brottet och \u00e5talas f\u00f6r grov skadeg\u00f6relse och grovt hot mot tj\u00e4nsteman. <\/p>\n<p class=\"text\">I juni anlades en brand utanf\u00f6r en tj\u00e4nstepersons bostad. Det var i ett t\u00e4ttbebyggt omr\u00e5de och fanns stor spridningsrisk. <\/p>\n<p class=\"text\">\u00c4ven tv\u00e5 personbilar och en lastbil sattes i brand i Skog\u00e5s i maj. D\u00e4r var det inte den tillt\u00e4nkta m\u00e5ltavlan som drabbades. <\/p>\n<p class=\"text\">\u2013 Det fallet tyder p\u00e5 d\u00e5lig research. Vi p\u00e5st\u00e5r att avsikten var att elda en f\u00f6rtroendevalds bil, men det blev fel, s\u00e4ger Johan Allard. <\/p>\n<p>F\u00e5tt hotfulla mejl <\/p>\n<p class=\"text\">Totalt r\u00e4knar man till 40 m\u00e5ls\u00e4gande i m\u00e5let. D\u00e5 r\u00e4knas \u00e4ven f\u00f6rs\u00e4kringsbolag och personer som namngivits i hotfulla mejl till Huddinge kommun.<\/p>\n<p class=\"text\">\u2013 V\u00e4ldigt m\u00e5nga har namngivits i hot via mejl. Men eftersom den misst\u00e4nkte befinner sig utomlands kan vi inte \u00e5tala honom f\u00f6r det. Men det \u00e4r 12 \u00e4renden som r\u00f6r hot i mejl, s\u00e4ger Johan Allard.<\/p>\n<p class=\"text\">Enligt \u00e5talet har syftet med brotten mot tj\u00e4nstepersoner och politiker varit att p\u00e5verka deras beslutsfattande.<\/p>\n<p class=\"text\">\u2013 Det \u00e4r oerh\u00f6rt allvarligt och demokratihotande, s\u00e4ger Johan Allard.<\/p>\n<p class=\"text\">De sju \u00e5talade personerna nekar till brott. R\u00e4tteg\u00e5ngen inleds den 23 januari i S\u00f6dert\u00f6rns tingsr\u00e4tt.<\/p>\n","protected":false},"excerpt":{"rendered":"Huddinge\/J\u00e4rf\u00e4lla Upprinnelsen \u00e4r ett LVU-\u00e4rende och handlar om tre barn som placerats i familjehem. Och en pappa som&hellip;\n","protected":false},"author":2,"featured_media":134626,"comment_status":"","ping_status":"","sticky":false,"template":"","format":"standard","meta":{"footnotes":""},"categories":[5],"tags":[22,23,26,27,17,21,24,25,28,29,15,16,18,34,31,33,32,30,19,20],"class_list":{"0":"post-134625","1":"post","2":"type-post","3":"status-publish","4":"format-standard","5":"has-post-thumbnail","7":"category-rubriker","8":"tag-breaking-news","9":"tag-breakingnews","10":"tag-featured-news","11":"tag-featurednews","12":"tag-headlines","13":"tag-huvudnyheter","14":"tag-latest-news","15":"tag-latestnews","16":"tag-main-news","17":"tag-mainnews","18":"tag-news","19":"tag-nyheter","20":"tag-rubriker","21":"tag-se","22":"tag-svenska","23":"tag-sverige","24":"tag-sweden","25":"tag-swedish","26":"tag-top-stories","27":"tag-topstories"},"share_on_mastodon":{"url":"https:\/\/pubeurope.com\/@se\/115888910666458019","error":""},"_links":{"self":[{"href":"https:\/\/www.europesays.com\/se\/wp-json\/wp\/v2\/posts\/134625","targetHints":{"allow":["GET"]}}],"collection":[{"href":"https:\/\/www.europesays.com\/se\/wp-json\/wp\/v2\/posts"}],"about":[{"href":"https:\/\/www.europesays.com\/se\/wp-json\/wp\/v2\/types\/post"}],"author":[{"embeddable":true,"href":"https:\/\/www.europesays.com\/se\/wp-json\/wp\/v2\/users\/2"}],"replies":[{"embeddable":true,"href":"https:\/\/www.europesays.com\/se\/wp-json\/wp\/v2\/comments?post=134625"}],"version-history":[{"count":0,"href":"https:\/\/www.europesays.com\/se\/wp-json\/wp\/v2\/posts\/134625\/revisions"}],"wp:featuredmedia":[{"embeddable":true,"href":"https:\/\/www.europesays.com\/se\/wp-json\/wp\/v2\/media\/134626"}],"wp:attachment":[{"href":"https:\/\/www.europesays.com\/se\/wp-json\/wp\/v2\/media?parent=134625"}],"wp:term":[{"taxonomy":"category","embeddable":true,"href":"https:\/\/www.europesays.com\/se\/wp-json\/wp\/v2\/categories?post=134625"},{"taxonomy":"post_tag","embeddable":true,"href":"https:\/\/www.europesays.com\/se\/wp-json\/wp\/v2\/tags?post=134625"}],"curies":[{"name":"wp","href":"https:\/\/api.w.org\/{rel}","templated":true}]}}