{"id":134631,"date":"2026-01-13T17:19:55","date_gmt":"2026-01-13T17:19:55","guid":{"rendered":"https:\/\/www.europesays.com\/se\/134631\/"},"modified":"2026-01-13T17:19:55","modified_gmt":"2026-01-13T17:19:55","slug":"nwt-insandare-barn-och-ungdomspsykiatrin-bup-vi-vill-komma-i-kontakt-med-vardnadshavarna","status":"publish","type":"post","link":"https:\/\/www.europesays.com\/se\/134631\/","title":{"rendered":"NWT &#8211; Ins\u00e4ndare: Barn- och ungdomspsykiatrin (BUP): Vi vill komma i kontakt med v\u00e5rdnadshavarna"},"content":{"rendered":"<p class=\"break-words mb-4 mx-auto max-w-xl\"><strong>Svar till \u201dK\u00e4mpande mormor\u201d, NWT den 5 januari.<\/strong><\/p>\n<p class=\"break-words mb-4 mx-auto max-w-xl\">Tack f\u00f6r din ins\u00e4ndare! F\u00f6rst vill vi s\u00e4ga att vi har stor f\u00f6rst\u00e5else f\u00f6r att er situation \u00e4r utmanande. Att som barn ha neuropsykiatriska diagnoser inneb\u00e4r sv\u00e5righeter f\u00f6r b\u00e5de barnet och n\u00e4rst\u00e5ende. Barn- och ungdomspsykiatrins (BUP) uppdrag \u00e4r att utifr\u00e5n v\u00e5r kunskap g\u00f6ra insatser f\u00f6r att barnet ska klara sin vardag och f\u00f6r att v\u00e5rdnadshavarna ska f\u00e5 verktyg att hj\u00e4lpa barnet i olika situationer. Vi \u00e4r medvetna om att k\u00f6erna p\u00e5verkar m\u00e5nga.<\/p>\n<p class=\"break-words mb-4 mx-auto max-w-xl\">Politiskt har vi haft en tydlig prioritering i budgeten och satsat p\u00e5 BUP och F\u00f6rsta linjen f\u00f6r att verksamheterna ska ges b\u00e4ttre f\u00f6ruts\u00e4ttningar att ge v\u00e5rd i tid. Vi arbetar h\u00e5rt f\u00f6r att minimera v\u00e4ntetiderna och har kortat k\u00f6erna till bland annat NP-utredning och bed\u00f6mning av ins\u00e4ttning av l\u00e4kemedel efter ADHD-diagnos. \u00c4ven st\u00f6d till anh\u00f6riga, f\u00f6r att l\u00e4ra sig f\u00f6rst\u00e5 och bem\u00f6ta barnet, men ocks\u00e5 insatser direkt riktade till ungdomar har kortare v\u00e4ntetider. Allt f\u00f6r att barnen ska ges m\u00f6jlighet till ett stabilare, b\u00e4ttre m\u00e5ende och f\u00e5 verktyg att klara av att hantera sin vardag. Vi \u00e4r inte framme d\u00e4r vi vill vara \u00e4nnu och vill sj\u00e4lvklart att alla som beh\u00f6ver v\u00e5rd hos BUP ska f\u00e5 det i tid. N\u00e4r m\u00e5nga har behov g\u00f6rs medicinska prioriteringar inom BUP precis som i \u00f6vriga v\u00e5rden och den som har st\u00f6rst behov ska f\u00e5 v\u00e5rd f\u00f6rst.<\/p>\n<p class=\"break-words mb-4 mx-auto max-w-xl\">F\u00f6r att f\u00e5 en tydligare bild och bed\u00f6ma ditt barnbarns m\u00e5ende beh\u00f6ver verksamheten komma i kontakt med v\u00e5rdnadshavarna. De kan kontakta BUP endera via 1177 eller ringa verksamhetschef Elisabeth Myr\u00e9n via regionens v\u00e4xel, 010-831 50 00.<\/p>\n<p>Daniel Sch\u00fctzer<\/p>\n<p class=\"break-words mb-4 mx-auto max-w-xl\">Regionr\u00e5d (S) och ordf\u00f6rande i h\u00e4lso- och sjukv\u00e5rdsn\u00e4mnden<\/p>\n<p>Elisabeth Myr\u00e9n<\/p>\n<p class=\"break-words mb-4 mx-auto max-w-xl\">Verksamhetschef barn- och ungdomspsykiatrin<\/p>\n","protected":false},"excerpt":{"rendered":"Svar till \u201dK\u00e4mpande mormor\u201d, NWT den 5 januari. Tack f\u00f6r din ins\u00e4ndare! F\u00f6rst vill vi s\u00e4ga att vi&hellip;\n","protected":false},"author":2,"featured_media":134632,"comment_status":"","ping_status":"","sticky":false,"template":"","format":"standard","meta":{"footnotes":""},"categories":[12],"tags":[22,23,26,27,17,21,24,25,28,29,15,16,18,34,31,33,32,30,19,20],"class_list":{"0":"post-134631","1":"post","2":"type-post","3":"status-publish","4":"format-standard","5":"has-post-thumbnail","7":"category-sverige","8":"tag-breaking-news","9":"tag-breakingnews","10":"tag-featured-news","11":"tag-featurednews","12":"tag-headlines","13":"tag-huvudnyheter","14":"tag-latest-news","15":"tag-latestnews","16":"tag-main-news","17":"tag-mainnews","18":"tag-news","19":"tag-nyheter","20":"tag-rubriker","21":"tag-se","22":"tag-svenska","23":"tag-sverige","24":"tag-sweden","25":"tag-swedish","26":"tag-top-stories","27":"tag-topstories"},"share_on_mastodon":{"url":"https:\/\/pubeurope.com\/@se\/115888942133262070","error":""},"_links":{"self":[{"href":"https:\/\/www.europesays.com\/se\/wp-json\/wp\/v2\/posts\/134631","targetHints":{"allow":["GET"]}}],"collection":[{"href":"https:\/\/www.europesays.com\/se\/wp-json\/wp\/v2\/posts"}],"about":[{"href":"https:\/\/www.europesays.com\/se\/wp-json\/wp\/v2\/types\/post"}],"author":[{"embeddable":true,"href":"https:\/\/www.europesays.com\/se\/wp-json\/wp\/v2\/users\/2"}],"replies":[{"embeddable":true,"href":"https:\/\/www.europesays.com\/se\/wp-json\/wp\/v2\/comments?post=134631"}],"version-history":[{"count":0,"href":"https:\/\/www.europesays.com\/se\/wp-json\/wp\/v2\/posts\/134631\/revisions"}],"wp:featuredmedia":[{"embeddable":true,"href":"https:\/\/www.europesays.com\/se\/wp-json\/wp\/v2\/media\/134632"}],"wp:attachment":[{"href":"https:\/\/www.europesays.com\/se\/wp-json\/wp\/v2\/media?parent=134631"}],"wp:term":[{"taxonomy":"category","embeddable":true,"href":"https:\/\/www.europesays.com\/se\/wp-json\/wp\/v2\/categories?post=134631"},{"taxonomy":"post_tag","embeddable":true,"href":"https:\/\/www.europesays.com\/se\/wp-json\/wp\/v2\/tags?post=134631"}],"curies":[{"name":"wp","href":"https:\/\/api.w.org\/{rel}","templated":true}]}}