{"id":134638,"date":"2026-01-13T17:31:14","date_gmt":"2026-01-13T17:31:14","guid":{"rendered":"https:\/\/www.europesays.com\/se\/134638\/"},"modified":"2026-01-13T17:31:14","modified_gmt":"2026-01-13T17:31:14","slug":"allt-fran-traningslagret-pa-mff-play","status":"publish","type":"post","link":"https:\/\/www.europesays.com\/se\/134638\/","title":{"rendered":"Allt fr\u00e5n tr\u00e4ningsl\u00e4gret p\u00e5 MFF Play"},"content":{"rendered":"<p>Johan Dahlin \u00e4r tillbaka i full tr\u00e4ning och st\u00e4mbanden har f\u00e5tt skrika sig hesa efter tre pass i Spanien. Han slog sig ner p\u00e5 B\u00e4nken f\u00f6r att prata tr\u00e4ningsl\u00e4ger, tr\u00e4narskiftet och formen.<\/p>\n<p>          <img decoding=\"async\" src=\"https:\/\/www.europesays.com\/se\/wp-content\/uploads\/2026\/01\/BB260112PA020-1.jpg\" width=\"6268\" height=\"5223\" alt=\"\" loading=\"lazy\" style=\"width: 100%;height:auto;\" data-ot-ignore=\"1\"\/><\/p>\n<p>V\u00e5rt f\u00f6rsta nyf\u00f6rv\u00e4rv inf\u00f6r kommande s\u00e4song \u00e4r \u00e4ntligen p\u00e5 plats med laget. Se Jovan Milosavljevic f\u00f6rsta tr\u00e4ning och h\u00f6r honom prata om f\u00f6rsta dagen.<\/p>\n<p>          <img decoding=\"async\" src=\"https:\/\/www.europesays.com\/se\/wp-content\/uploads\/2026\/01\/OmslagMiguelPlay.jpg\" width=\"1296\" height=\"1080\" alt=\"\" loading=\"lazy\" style=\"width: 100%;height:auto;\" data-ot-ignore=\"1\"\/><\/p>\n<p>Miguel Angel Ramirez summerar sin f\u00f6rsta vecka som huvudtr\u00e4nare, sitt f\u00f6rsta intryck av spelargruppen och vad som blir viktigt under tr\u00e4ningsl\u00e4gret.<\/p>\n<p>          <img decoding=\"async\" src=\"https:\/\/www.europesays.com\/se\/wp-content\/uploads\/2026\/01\/DSC04946.jpg\" width=\"4800\" height=\"4000\" alt=\"\" loading=\"lazy\" style=\"width: 100%;height:auto;\" data-ot-ignore=\"1\"\/><\/p>\n<p>Dags f\u00f6r avresa till Sotogrande. H\u00e4ng med under resan ner till Spanien d\u00e4r spelarna svarar p\u00e5 vem som \u00e4r mest flygr\u00e4dd, hur de b\u00e4st spenderar tiden p\u00e5 planet och vad de ser fram emot.<\/p>\n","protected":false},"excerpt":{"rendered":"Johan Dahlin \u00e4r tillbaka i full tr\u00e4ning och st\u00e4mbanden har f\u00e5tt skrika sig hesa efter tre pass i&hellip;\n","protected":false},"author":2,"featured_media":134639,"comment_status":"","ping_status":"","sticky":false,"template":"","format":"standard","meta":{"footnotes":""},"categories":[68],"tags":[34,111,110,31,33,32,30],"class_list":{"0":"post-134638","1":"post","2":"type-post","3":"status-publish","4":"format-standard","5":"has-post-thumbnail","7":"category-sport","8":"tag-se","9":"tag-sport","10":"tag-sports","11":"tag-svenska","12":"tag-sverige","13":"tag-sweden","14":"tag-swedish"},"share_on_mastodon":{"url":"https:\/\/pubeurope.com\/@se\/115888985607528751","error":""},"_links":{"self":[{"href":"https:\/\/www.europesays.com\/se\/wp-json\/wp\/v2\/posts\/134638","targetHints":{"allow":["GET"]}}],"collection":[{"href":"https:\/\/www.europesays.com\/se\/wp-json\/wp\/v2\/posts"}],"about":[{"href":"https:\/\/www.europesays.com\/se\/wp-json\/wp\/v2\/types\/post"}],"author":[{"embeddable":true,"href":"https:\/\/www.europesays.com\/se\/wp-json\/wp\/v2\/users\/2"}],"replies":[{"embeddable":true,"href":"https:\/\/www.europesays.com\/se\/wp-json\/wp\/v2\/comments?post=134638"}],"version-history":[{"count":0,"href":"https:\/\/www.europesays.com\/se\/wp-json\/wp\/v2\/posts\/134638\/revisions"}],"wp:featuredmedia":[{"embeddable":true,"href":"https:\/\/www.europesays.com\/se\/wp-json\/wp\/v2\/media\/134639"}],"wp:attachment":[{"href":"https:\/\/www.europesays.com\/se\/wp-json\/wp\/v2\/media?parent=134638"}],"wp:term":[{"taxonomy":"category","embeddable":true,"href":"https:\/\/www.europesays.com\/se\/wp-json\/wp\/v2\/categories?post=134638"},{"taxonomy":"post_tag","embeddable":true,"href":"https:\/\/www.europesays.com\/se\/wp-json\/wp\/v2\/tags?post=134638"}],"curies":[{"name":"wp","href":"https:\/\/api.w.org\/{rel}","templated":true}]}}