{"id":134646,"date":"2026-01-13T17:39:11","date_gmt":"2026-01-13T17:39:11","guid":{"rendered":"https:\/\/www.europesays.com\/se\/134646\/"},"modified":"2026-01-13T17:39:11","modified_gmt":"2026-01-13T17:39:11","slug":"felix-montebovi-lamnade-em-lagret-for-att-coacha-sitt-pojklag","status":"publish","type":"post","link":"https:\/\/www.europesays.com\/se\/134646\/","title":{"rendered":"Felix Montebovi l\u00e4mnade EM-l\u00e4gret f\u00f6r att coacha sitt pojklag"},"content":{"rendered":"<p>\u201dDet var sj\u00e4lvklart\u201d<a data-test-tag=\"internal-link\" href=\"https:\/\/www.aftonbladet.se\/av\/johan-flinck\" class=\"hyperion-css-13ns1rr\" rel=\"nofollow noopener\" target=\"\" aria-label=\"Se alla artiklar av Johan Flinck\"><img decoding=\"async\" class=\"image-asset hyperion-css-n6kkq1\" data-test-tag=\"image-asset\" src=\"https:\/\/www.europesays.com\/se\/wp-content\/uploads\/2026\/01\/1768325951_299_66adfd00-6544-4da7-b63f-93acfc7d6d5f.png\"  alt=\"\"  loading=\"lazy\" fetchpriority=\"auto\" style=\"aspect-ratio:1900 \/ 1900\"\/><\/a>share-arrowDela<\/p>\n<p>unsaveSpara<\/p>\n<p>Lyssna p\u00e5 artikelnLyssna p\u00e5&#8230;<\/p>\n<p class=\"hyperion-css-1shl3oz\" data-test-tag=\"lead-text\">G\u00d6TEBORG. Felix Montebovi l\u00e4mnade EM-uppladdningen \u2013 f\u00f6r att coacha sitt pojklag.<\/p>\n<p class=\"hyperion-css-1shl3oz\" data-test-tag=\"lead-text\">\u2013 Jag hade inget b\u00e4ttre f\u00f6r mig, s\u00e5 det var sj\u00e4lvklart, s\u00e4ger landslagets nykomling.<\/p>\n<p>expand-left<\/p>\n<p>helsk\u00e4rm<img decoding=\"async\" class=\"image-asset hyperion-css-u06ts1\" data-test-tag=\"image-asset\" src=\"https:\/\/www.europesays.com\/se\/wp-content\/uploads\/2026\/01\/acd41ae1-a523-4884-acab-f7972cd624f6.jpeg\"  alt=\"Felix Montebovi i mitten i nedre raden. \"  loading=\"eager\" fetchpriority=\"high\" style=\"aspect-ratio:1900 \/ 1250\"\/>Felix Montebovi i mitten i nedre raden. Foto: Privat<\/p>\n<p class=\"hyperion-css-1v9qo5x\">I helgen fick spelarna i handbollslandslaget ledigt ett dygn med en vecka kvar till EM-premi\u00e4ren, en s\u00e5 kallad familjedag f\u00f6r att tr\u00e4ffa sina n\u00e4ra och k\u00e4ra.<\/p>\n<p class=\"hyperion-css-1v9qo5x\">D\u00e5 valde v\u00e4nstersexan Felix Montebovi, som inte hunnit bilda egen familj \u00e4nnu och har f\u00f6r\u00e4ldrar och syskon hemma i Lund, att dra och coacha sitt pojklag i H43 Lund i USM f\u00f6r 16-\u00e5ringar i Torslanda.<\/p>\n<p class=\"hyperion-css-1v9qo5x\">\u2013 Jag hade inget b\u00e4ttre f\u00f6r mig, s\u00e5 det var sj\u00e4lvklart. Mitt lag spelar i USM, klart jag kommer, s\u00e4ger 20-\u00e5ringen n\u00e4r Sportbladet tr\u00e4ffar honom ett par dagar senare.<\/p>\n<p class=\"hyperion-css-1v9qo5x\">Trots att Montebovi har en egen framg\u00e5ngsrik spelarkarri\u00e4r i HK Malm\u00f6, som tagit honom hela v\u00e4gen till landslaget och nu EM, tr\u00e4nar han allts\u00e5 ett pojklag i moderklubben hemma i Lund.<\/p>\n<p class=\"hyperion-css-1v9qo5x\">\u2013 De tr\u00e4nar tre g\u00e5nger i veckan och jag f\u00f6rs\u00f6ker vara med p\u00e5 alla tre. Jag \u00e4r med p\u00e5 de flesta av matcherna ocks\u00e5 om det g\u00e5r. Det \u00e4r svinkul. <\/p>\n<p>expand-left<\/p>\n<p>helsk\u00e4rm<img decoding=\"async\" class=\"image-asset hyperion-css-u06ts1\" data-test-tag=\"image-asset\" src=\"https:\/\/www.europesays.com\/se\/wp-content\/uploads\/2026\/01\/9a434b61-5ab4-412d-998c-086ba62e3f0a.jpeg\"  alt=\"Felix Montebovi.\"  loading=\"eager\" fetchpriority=\"high\" style=\"aspect-ratio:1900 \/ 1267\"\/>Felix Montebovi. Foto: Nicklas Elmrin \/ Bildbyr\u00e5nH\u00e4ngde p\u00e5 brorsan i somras<\/p>\n<p class=\"hyperion-css-1v9qo5x\"><strong>Hur kan det vara att du b\u00f6rjade tr\u00e4na ett pojklag?<\/strong><\/p>\n<p class=\"hyperion-css-1v9qo5x\">\u2013 Min pappa \u00e4r sportchef i H43 och de beh\u00f6vde tr\u00e4nare till ett av pojklagen i somras. D\u00e5 b\u00f6rjade min storebror Alex coacha laget och s\u00e5 h\u00e4ngde jag p\u00e5. Sedan har det bara fortsatt, s\u00e4ger han.<\/p>\n<p class=\"hyperion-css-1v9qo5x\">\u2013 De l\u00e4r mig, jag l\u00e4r dem. Det \u00e4r fint. <\/p>\n<p class=\"hyperion-css-1v9qo5x\"><strong>Vad l\u00e4r de dig?!<\/strong><\/p>\n<p class=\"hyperion-css-1v9qo5x\">\u2013 Lite sk\u00e4mt och s\u00e5nt. Inte s\u00e5 mycket handbollsm\u00e4ssigt, haha.<\/p>\n<p class=\"hyperion-css-1v9qo5x\">Montebovi spelade i H43 fram till 2023 d\u00e5 han skiftade till IFK Ystad i allsvenskan innan han ett \u00e5r senare gick till Malm\u00f6.<\/p>\n<p class=\"hyperion-css-1v9qo5x\">Men hj\u00e4rtat klappar fortfarande h\u00e5rt f\u00f6r H43.<\/p>\n<p class=\"hyperion-css-1v9qo5x\">\u2013 Det \u00e4r min favoritklubb. Jag l\u00e4rde mig spela handboll d\u00e4r och spelade hela min ungdomstid i klubben. Pappa \u00e4r som sagt sportchef och mina syskon spelar i tredjelaget HK Bl\u00e5. Det \u00e4r d\u00e4r jag vill avsluta karri\u00e4ren om det skulle g\u00e5, s\u00e4ger han.<\/p>\n<p class=\"hyperion-css-1v9qo5x\">Hur det gick i USM? Det blev f\u00f6rlust i b\u00e5da matcherna med Felix p\u00e5 b\u00e4nken och laget gick inte vidare till steg 4.<\/p>\n<p class=\"hyperion-css-1v9qo5x\">\u2013 Vi var inte bra, konstaterar han.<\/p>\n<p>expand-left<\/p>\n<p>helsk\u00e4rm<img decoding=\"async\" class=\"image-asset hyperion-css-u06ts1\" data-test-tag=\"image-asset\" src=\"https:\/\/www.europesays.com\/se\/wp-content\/uploads\/2026\/01\/6664be01-16d0-4698-8299-919caa05095d.jpeg\"  alt=\"Felix Montebovi och Nikola Roganovic.\"  loading=\"eager\" fetchpriority=\"high\" style=\"aspect-ratio:1900 \/ 1267\"\/>Felix Montebovi och Nikola Roganovic. Foto: Emma Wallskog \/ Bildbyr\u00e5n<\/p>\n","protected":false},"excerpt":{"rendered":"\u201dDet var sj\u00e4lvklart\u201dshare-arrowDela unsaveSpara Lyssna p\u00e5 artikelnLyssna p\u00e5&#8230; G\u00d6TEBORG. Felix Montebovi l\u00e4mnade EM-uppladdningen \u2013 f\u00f6r att coacha sitt&hellip;\n","protected":false},"author":2,"featured_media":134647,"comment_status":"","ping_status":"","sticky":false,"template":"","format":"standard","meta":{"footnotes":""},"categories":[68],"tags":[34,111,110,31,33,32,30],"class_list":{"0":"post-134646","1":"post","2":"type-post","3":"status-publish","4":"format-standard","5":"has-post-thumbnail","7":"category-sport","8":"tag-se","9":"tag-sport","10":"tag-sports","11":"tag-svenska","12":"tag-sverige","13":"tag-sweden","14":"tag-swedish"},"share_on_mastodon":{"url":"https:\/\/pubeurope.com\/@se\/115889016953616483","error":""},"_links":{"self":[{"href":"https:\/\/www.europesays.com\/se\/wp-json\/wp\/v2\/posts\/134646","targetHints":{"allow":["GET"]}}],"collection":[{"href":"https:\/\/www.europesays.com\/se\/wp-json\/wp\/v2\/posts"}],"about":[{"href":"https:\/\/www.europesays.com\/se\/wp-json\/wp\/v2\/types\/post"}],"author":[{"embeddable":true,"href":"https:\/\/www.europesays.com\/se\/wp-json\/wp\/v2\/users\/2"}],"replies":[{"embeddable":true,"href":"https:\/\/www.europesays.com\/se\/wp-json\/wp\/v2\/comments?post=134646"}],"version-history":[{"count":0,"href":"https:\/\/www.europesays.com\/se\/wp-json\/wp\/v2\/posts\/134646\/revisions"}],"wp:featuredmedia":[{"embeddable":true,"href":"https:\/\/www.europesays.com\/se\/wp-json\/wp\/v2\/media\/134647"}],"wp:attachment":[{"href":"https:\/\/www.europesays.com\/se\/wp-json\/wp\/v2\/media?parent=134646"}],"wp:term":[{"taxonomy":"category","embeddable":true,"href":"https:\/\/www.europesays.com\/se\/wp-json\/wp\/v2\/categories?post=134646"},{"taxonomy":"post_tag","embeddable":true,"href":"https:\/\/www.europesays.com\/se\/wp-json\/wp\/v2\/tags?post=134646"}],"curies":[{"name":"wp","href":"https:\/\/api.w.org\/{rel}","templated":true}]}}