{"id":134660,"date":"2026-01-13T17:51:08","date_gmt":"2026-01-13T17:51:08","guid":{"rendered":"https:\/\/www.europesays.com\/se\/134660\/"},"modified":"2026-01-13T17:51:08","modified_gmt":"2026-01-13T17:51:08","slug":"gronlands-regeringschef-markerar-starkt-stod-for-danmark","status":"publish","type":"post","link":"https:\/\/www.europesays.com\/se\/134660\/","title":{"rendered":"Gr\u00f6nlands regeringschef markerar starkt st\u00f6d f\u00f6r Danmark"},"content":{"rendered":"<p>Under den senaste veckan har enskilda gr\u00f6nl\u00e4ndska politiker \u00f6ppnat f\u00f6r att samtala eller f\u00f6rhandla enskilt med USA. Det \u00e4r ett led i frig\u00f6relsen fr\u00e5n den gamla danska kolonialmakten. Men f\u00e5 gr\u00f6nl\u00e4ndare vill ha ett amerikanskt herrav\u00e4lde.<\/p>\n<p>Nu g\u00f6r regeringschefen Jens-Frederik Nielsen klart att hans medborgare f\u00f6redrar det danska kungariket och samv\u00e4ldet.<\/p>\n<p>\u2013\u00a0Om vi ska v\u00e4lja mellan USA och Danmark h\u00e4r och nu s\u00e5 v\u00e4ljer vi Danmark, s\u00e4ger han, under tisdagens presstr\u00e4ff i de danska regeringskvarteren vid Christiansborgs slott.<\/p>\n<p>          <img decoding=\"async\" class=\"picture__img\" src=\"https:\/\/www.europesays.com\/se\/wp-content\/uploads\/2026\/01\/4cea495d-8de8-4a6f-ac14-f372bb9c524a.jpeg\"   alt=\"Presstr\u00e4ff i K\u00f6penhamn med Jens-Frederik Nielsen och Mette Frederiksen.\"\/><\/p>\n<p>      Presstr\u00e4ff i K\u00f6penhamn med Jens-Frederik Nielsen och Mette Frederiksen.<\/p>\n<p>      Foto: Liselotte Sabroe\/TT<\/p>\n<p><strong>P\u00e5 onsdag eftermiddag<\/strong> ska utrikesministrarna Lars L\u00f8kke Rasmussen och Vivian Motzfeldt bes\u00f6ka Vita huset f\u00f6r att diskutera Trumps krav p\u00e5 att inf\u00f6rliva det gr\u00f6nl\u00e4ndska territoriet i USA. V\u00e4rd f\u00f6r m\u00f6tet \u00e4r vicepresidenten JD Vance. \u00c4ven utrikesminister Marco Rubio deltar.<\/p>\n<p>Dan danska regeringen r\u00e4knar inte med en snabb uppl\u00f6sning p\u00e5 krisen.<\/p>\n<p>\u2013 Mycket tyder p\u00e5 att det sv\u00e5raste ligger framf\u00f6r oss, s\u00e4ger Mette Frederiksen.<\/p>\n<p><strong>Om det danska kungariket<\/strong> ska klara pressen fr\u00e5n USA, m\u00e5ste Danmark och Gr\u00f6nland h\u00e5lla ihop. D\u00e4rf\u00f6r v\u00e4ljer Mette Frederiksen och Jens-Frederik Nielsen att visa enad front vid tisdagens korta presstr\u00e4ff.<\/p>\n<p>Hon \u00e4r socialdemokraten som har styrt Danmark med fast hand sedan 2019. Han \u00e4r f\u00f6retr\u00e4daren f\u00f6r liberala Demokraatit som vann valet p\u00e5 Gr\u00f6nland i fjol, med l\u00f6ften om att ta steg mot sj\u00e4lvst\u00e4ndighet i lugnt tempo.<\/p>\n<p>Nu st\u00e5r de sida vid sida. Hon i klassisk dr\u00e4ktjacka, bister min. Han i knallbl\u00e5 anorak, med ett och annat sm\u00e5leende. Samtidigt betonar han att situationen \u00e4r \u201dmycket, mycket allvarlig\u201d.<\/p>\n<p>\u2013 En sak m\u00e5ste alla f\u00f6rst\u00e5. Gr\u00f6nland vill inte \u00e4gas av USA. Gr\u00f6nland vill inte styras av USA. Och Gr\u00f6nland vill inte vara en del av USA, s\u00e4ger han.<\/p>\n<p>Han sl\u00e5r fast att gr\u00f6nl\u00e4ndarna v\u00e4ljer \u201dDanmark, Nato och EU\u201d.<\/p>\n<p>\u2013 Vi har stor tilltro till Natoalliansen och vill att Nato st\u00f6djer oss i den h\u00e4r situationen. St\u00f6det fr\u00e5n Europa och Danmark \u00e4r helt avg\u00f6rande, s\u00e4ger han.<\/p>\n<p>          <img decoding=\"async\" class=\"picture__img\" src=\"https:\/\/www.europesays.com\/se\/wp-content\/uploads\/2026\/01\/f6a2ccee-127f-44be-b46e-273786219146.jpeg\"   alt=\"Donald Trump och Mette Frederiksen under ett Natom\u00f6te i Haag i juni f\u00f6rra \u00e5ret.\"\/><\/p>\n<p>      Donald Trump och Mette Frederiksen under ett Natom\u00f6te i Haag i juni f\u00f6rra \u00e5ret.<\/p>\n<p>      Foto: Geert Vanden Wijngaert\/AP<\/p>\n<p><strong>\u201dDet var en starkare signal<\/strong> \u00e4n vad de flesta p\u00e5 Christiansborg hade hoppats p\u00e5\u201d, skriver Politikens analytiker Elisabet Svane.<\/p>\n<p>Danmarks Radios politiska korrespondent Christine Cordsen konstaterar att de b\u00e5da regeringscheferna skickar ett viktigt budskap till s\u00e5v\u00e4l Washington som politiker p\u00e5 hemmaplan i Danmark och Gr\u00f6nland. \u201dDetta \u00e4r inte r\u00e4tt tid f\u00f6r diskussion och oenighet, som vi har sett en del tendenser till de senaste dagarna\u201d, konstaterar hon.<\/p>\n<p>USA:s president Donald Trump har sagt att supermakten beh\u00f6ver Gr\u00f6nland och att det kan fixas den sn\u00e4lla v\u00e4gen eller det sv\u00e5ra s\u00e4ttet.<\/p>\n<p><strong>Mette Frederiksen menar<\/strong> att det hotet g\u00e4ller n\u00e5got st\u00f6rre \u00e4n bara det danska kungariket.<\/p>\n<p>\u2013 Det h\u00e4r handlar om att gr\u00e4nser inte kan flyttas med v\u00e5ld och att sm\u00e5 l\u00e4nder inte ska beh\u00f6va vara r\u00e4dda f\u00f6r stora l\u00e4nder, kontrar hon.<\/p>\n<p>          <img decoding=\"async\" class=\"picture__img\" src=\"https:\/\/www.europesays.com\/se\/wp-content\/uploads\/2026\/01\/107c876d-e815-4587-b36d-6118ffc4dd0d.jpeg\"   alt=\"Enad front i K\u00f6penhamn mellan Jens-Frederik Nielsen och Mette Frederiksen.\"\/><\/p>\n<p>      Enad front i K\u00f6penhamn mellan Jens-Frederik Nielsen och Mette Frederiksen.<\/p>\n<p>      Foto: Liselotte Sabroe\/TT<\/p>\n<p><strong>Duon i spegelsalen<\/strong> f\u00e5r fr\u00e5gor om vad de kan erbjuda Trumpadministrationen. Ett samarbete under demokratiska former, mellan oberoende l\u00e4nder, lyder svaret.<\/p>\n<p>Jens-Frederik Nielsen avf\u00e4rdar en fr\u00e5ga om hur Gr\u00f6nland kan acceptera ett sockrat bud fr\u00e5n USA.<\/p>\n<p>\u2013 Gr\u00f6nland \u00e4r inte till salu, upprepar han.<\/p>\n","protected":false},"excerpt":{"rendered":"Under den senaste veckan har enskilda gr\u00f6nl\u00e4ndska politiker \u00f6ppnat f\u00f6r att samtala eller f\u00f6rhandla enskilt med USA. Det&hellip;\n","protected":false},"author":2,"featured_media":134661,"comment_status":"","ping_status":"","sticky":false,"template":"","format":"standard","meta":{"footnotes":""},"categories":[14],"tags":[22,23,26,27,17,21,24,25,28,29,15,16,18,34,31,33,32,30,19,20,51,52,53,54],"class_list":{"0":"post-134660","1":"post","2":"type-post","3":"status-publish","4":"format-standard","5":"has-post-thumbnail","7":"category-varlden","8":"tag-breaking-news","9":"tag-breakingnews","10":"tag-featured-news","11":"tag-featurednews","12":"tag-headlines","13":"tag-huvudnyheter","14":"tag-latest-news","15":"tag-latestnews","16":"tag-main-news","17":"tag-mainnews","18":"tag-news","19":"tag-nyheter","20":"tag-rubriker","21":"tag-se","22":"tag-svenska","23":"tag-sverige","24":"tag-sweden","25":"tag-swedish","26":"tag-top-stories","27":"tag-topstories","28":"tag-varlden","29":"tag-world","30":"tag-world-news","31":"tag-worldnews"},"share_on_mastodon":{"url":"https:\/\/pubeurope.com\/@se\/115889064069788239","error":""},"_links":{"self":[{"href":"https:\/\/www.europesays.com\/se\/wp-json\/wp\/v2\/posts\/134660","targetHints":{"allow":["GET"]}}],"collection":[{"href":"https:\/\/www.europesays.com\/se\/wp-json\/wp\/v2\/posts"}],"about":[{"href":"https:\/\/www.europesays.com\/se\/wp-json\/wp\/v2\/types\/post"}],"author":[{"embeddable":true,"href":"https:\/\/www.europesays.com\/se\/wp-json\/wp\/v2\/users\/2"}],"replies":[{"embeddable":true,"href":"https:\/\/www.europesays.com\/se\/wp-json\/wp\/v2\/comments?post=134660"}],"version-history":[{"count":0,"href":"https:\/\/www.europesays.com\/se\/wp-json\/wp\/v2\/posts\/134660\/revisions"}],"wp:featuredmedia":[{"embeddable":true,"href":"https:\/\/www.europesays.com\/se\/wp-json\/wp\/v2\/media\/134661"}],"wp:attachment":[{"href":"https:\/\/www.europesays.com\/se\/wp-json\/wp\/v2\/media?parent=134660"}],"wp:term":[{"taxonomy":"category","embeddable":true,"href":"https:\/\/www.europesays.com\/se\/wp-json\/wp\/v2\/categories?post=134660"},{"taxonomy":"post_tag","embeddable":true,"href":"https:\/\/www.europesays.com\/se\/wp-json\/wp\/v2\/tags?post=134660"}],"curies":[{"name":"wp","href":"https:\/\/api.w.org\/{rel}","templated":true}]}}